{"id":75648,"date":"2020-05-23T11:54:08","date_gmt":"2020-05-23T15:54:08","guid":{"rendered":"https:\/\/deportedeprimera.com\/?p=75648"},"modified":"2020-05-23T11:54:08","modified_gmt":"2020-05-23T15:54:08","slug":"espana-la-vuelta-del-futbol-a-partir-del-8-de-junio","status":"publish","type":"post","link":"https:\/\/www.deportedeprimera.com\/index.php\/2020\/05\/23\/espana-la-vuelta-del-futbol-a-partir-del-8-de-junio\/","title":{"rendered":"ESPA\u00d1A: La vuelta del f\u00fatbol a partir del 8 de junio"},"content":{"rendered":"<p><b>Pedro S\u00e1nchez<\/b>, presidente del Gobierno, ha anunciado este s\u00e1bado que el Ejecutivo da\u00a0<b>luz verde al reinicio de la Liga\u00a0<\/b>a partir del pr\u00f3ximo\u00a0<b>8 de junio<\/b>. Este era uno de los requisitos b\u00e1sicos que deb\u00eda cumplirse para que la patronal pusiera fecha a la vuelta del f\u00fatbol.<\/p>\n<div id=\"hybs-mslot-610-14\" class=\"hybs-mslot\"><\/div>\n<p>\u201cEspa\u00f1a ha hecho lo que debe y ahora para todos se abren nuevos horizontes. Ha llegado el momento de recuperar muchas de las actividades cotidianas.<b>\u00a0A partir del 8 de junio volver\u00e1 LaLiga de f\u00fatbol<\/b>\u201d, han sido las palabras utilizadas por el presidente del Gobierno en su intervenci\u00f3n.<\/p>\n<div id=\"hybs-mslot-610-13\" class=\"hybs-mslot\"><\/div>\n<p>Fuentes de\u00a0<b>LaLiga\u00a0<\/b>han apuntado a Mundo Deportivo que en estos momentos la fecha m\u00e1s probable para la vuelta del f\u00fatbol ser\u00eda la del 12 de junio. El 8 podr\u00eda disputarse la segunda mitad del\u00a0<b>Rayo-Albacete\u00a0<\/b>suspendido en su d\u00eda por insultos racistas al jugador del cuadro manchego Roman Zozulya y cuatro d\u00edas despu\u00e9s, la vuelta de los partidos, tanto en Primera como en Segunda Divisi\u00f3n.<\/p>\n<div id=\"hybs-mslot-610-11\" class=\"hybs-mslot\"><\/div>\n<h2>El Eibar-Real Sociedad, a puerta cerrada, fue el \u00faltimo partido de f\u00fatbol antes de la crisis del coronavirus<\/h2>\n<div class=\"embed-responsive embed-responsive-16by9\"><\/div>\n<p>En los \u00faltimos d\u00edas se hab\u00eda apuntado al 19 de junio como la fecha m\u00e1s probable para la vuelta de LaLiga, pero la del 12 siempre hab\u00eda sido la preferida por el organismo que preside\u00a0<b>Javier Tebas<\/b>.<\/p>\n<div id=\"hybs-mslot-610-12\" class=\"hybs-mslot\"><\/div>\n<div class=\"story-leaf-focused\">\n<p>El 8 de junio podr\u00eda jugarse el segundo tiempo del suspendido Rayo-Albacete y el 12, arrancar la Primera y la Segunda Divisi\u00f3n<\/p>\n<\/div>\n<p>Sin embargo, en las \u00faltimas horas la \u2018candidatura\u2019 del 12 hab\u00eda perdido fuerza despu\u00e9s de que el Gobierno, por boca del ministro de\u00a0<b>Sanidad<\/b>, Salvador Illa, asegurara el s\u00e1bado que todav\u00eda\u00a0no hab\u00eda estudiado, y por tanto tampoco aprobado, la solicitud de LaLiga\u00a0para que todos los equipos pudieran entrenar ya este pr\u00f3ximo lunes en fase\u00a0<b>precompetici\u00f3n<\/b>, con trabajo colectivo absoluto.<\/p>\n<div id=\"hybs-mslot-610-3\" class=\"hybs-mslot\"><\/div>\n<section class=\"story-leaf-box\">\n<header class=\"story-leaf-box-header\">Esta es la primera jornada del reinicio de LaLiga<\/p>\n<\/header>\n<div class=\"story-leaf-box-text\">\n<p>Estos son los 10 partidos de LaLiga Santander que abrir\u00e1n el fuego en el regreso del f\u00fatbol a los terrenos de juego, correspondientes a la 28\u00aa jornada:<\/p>\n<p>R. Madird-Eibar<\/p>\n<p>Legan\u00e9s-Valladolid<\/p>\n<p>Valencia-Levante<\/p>\n<p>Mallorca-Barcelona<\/p>\n<p>Celta-Villarreal<\/p>\n<p>Espanyol-Alav\u00e9s<\/p>\n<p>R. Sociedad-Osasuna<\/p>\n<div id=\"hybs-mslot-610-10\" class=\"hybs-mslot\"><\/div>\n<p>Athletic-At. Madrid<\/p>\n<p>Granada-Getafe<\/p>\n<div id=\"hybs-mslot-610-9\" class=\"hybs-mslot\"><\/div>\n<p>Sevilla-Betis<\/p>\n<p>Y en LaLiga SmartBank, estos son los partidos de la 32\u00aa jornada:<\/p>\n<div id=\"hybs-mslot-610-8\" class=\"hybs-mslot\"><\/div>\n<p>Racing-Lugo<\/p>\n<p>Fuenlabrada-Tenerife<\/p>\n<div id=\"hybs-mslot-610-7\" class=\"hybs-mslot\"><\/div>\n<p>M\u00e1laga-Huesca<\/p>\n<p>Mirand\u00e9s-Numancia<\/p>\n<div id=\"hybs-mslot-610-6\" class=\"hybs-mslot\"><\/div>\n<p>Oviedo-Ponferradina<\/p>\n<p>Deportivo-Sporting<\/p>\n<div id=\"hybs-mslot-610-5\" class=\"hybs-mslot\"><\/div>\n<p>Albacete-Almer\u00eda<\/p>\n<p>C\u00e1diz-Rayo<\/p>\n<div id=\"hybs-mslot-610-4\" class=\"hybs-mslot\"><\/div>\n<p>Elche-Extremadura<\/p>\n<p>Las Palmas-Girona<\/p>\n<p>Zaragoza-Alcorc\u00f3n<\/p>\n<\/div>\n<\/section>\n<p>Los clubs consideran\u00a0<b>imprescindible\u00a0<\/b>contar con al menos dos semanas de entrenamientos colectivos, sin restricciones, antes de retomar la competici\u00f3n. Si este trabajo no puede iniciarse este lunes, d\u00eda 25 de mayo la Liga dif\u00edcilmente podr\u00eda arrancar de nuevo el 12 de junio y s\u00ed en cambio el 19.<\/p>\n<div class=\"story-leaf-focused\">\n<p>No se descarta que en las pr\u00f3ximas horas se d\u00e9 luz verde a que el lunes empiecen los entrenamientos precompetici\u00f3n<\/p>\n<\/div>\n<p>No hay que descartar, sin embargo, que en las pr\u00f3ximas horas, antes del lunes en cualquier caso, el Gobierno se pronunciara sobre la petici\u00f3n de la patronal y diera luz verde tambi\u00e9n a que los entrenamientos\u00a0<b>precompetici\u00f3n\u00a0<\/b>pudieran arrancar este lunes.<\/p>\n<div id=\"hybs-mslot-610-2\" class=\"hybs-mslot\"><\/div>\n<p>Si se diera este caso, s\u00ed ser\u00eda muy posible que la Liga volviera a los terrenos de juego el\u00a0<b>12 de junio<\/b>.<\/p>\n","protected":false},"excerpt":{"rendered":"<p>Pedro S\u00e1nchez, presidente del Gobierno, ha anunciado este s\u00e1bado que el Ejecutivo da\u00a0luz verde al&#8230;<\/p>\n","protected":false},"author":1,"featured_media":75650,"comment_status":"closed","ping_status":"open","sticky":false,"template":"","format":"standard","meta":{"footnotes":""},"categories":[],"tags":[],"class_list":["post-75648","post","type-post","status-publish","format-standard","has-post-thumbnail","hentry"],"_links":{"self":[{"href":"https:\/\/www.deportedeprimera.com\/index.php\/wp-json\/wp\/v2\/posts\/75648","targetHints":{"allow":["GET"]}}],"collection":[{"href":"https:\/\/www.deportedeprimera.com\/index.php\/wp-json\/wp\/v2\/posts"}],"about":[{"href":"https:\/\/www.deportedeprimera.com\/index.php\/wp-json\/wp\/v2\/types\/post"}],"author":[{"embeddable":true,"href":"https:\/\/www.deportedeprimera.com\/index.php\/wp-json\/wp\/v2\/users\/1"}],"replies":[{"embeddable":true,"href":"https:\/\/www.deportedeprimera.com\/index.php\/wp-json\/wp\/v2\/comments?post=75648"}],"version-history":[{"count":1,"href":"https:\/\/www.deportedeprimera.com\/index.php\/wp-json\/wp\/v2\/posts\/75648\/revisions"}],"predecessor-version":[{"id":75651,"href":"https:\/\/www.deportedeprimera.com\/index.php\/wp-json\/wp\/v2\/posts\/75648\/revisions\/75651"}],"wp:featuredmedia":[{"embeddable":true,"href":"https:\/\/www.deportedeprimera.com\/index.php\/wp-json\/wp\/v2\/media\/75650"}],"wp:attachment":[{"href":"https:\/\/www.deportedeprimera.com\/index.php\/wp-json\/wp\/v2\/media?parent=75648"}],"wp:term":[{"taxonomy":"category","embeddable":true,"href":"https:\/\/www.deportedeprimera.com\/index.php\/wp-json\/wp\/v2\/categories?post=75648"},{"taxonomy":"post_tag","embeddable":true,"href":"https:\/\/www.deportedeprimera.com\/index.php\/wp-json\/wp\/v2\/tags?post=75648"}],"curies":[{"name":"wp","href":"https:\/\/api.w.org\/{rel}","templated":true}]}}