{"id":117991,"date":"2026-09-05T21:05:34","date_gmt":"2026-09-06T01:05:34","guid":{"rendered":"https:\/\/www.deportedeprimera.com\/?p=117991"},"modified":"2026-09-05T21:05:35","modified_gmt":"2026-09-06T01:05:35","slug":"toluca-y-monterrey-definen-el-titulo-de-la-leagues-cup","status":"publish","type":"post","link":"https:\/\/www.deportedeprimera.com\/index.php\/2026\/09\/05\/toluca-y-monterrey-definen-el-titulo-de-la-leagues-cup\/","title":{"rendered":"Toluca y Monterrey definen el t\u00ectulo de la Leagues Cup"},"content":{"rendered":"\n<p class=\"has-vivid-red-background-color has-background wp-block-paragraph\"><strong><kbd>Deporte de Primera USA<\/kbd><\/strong><\/p>\n\n\n\n<p class=\"wp-block-paragraph\"><strong>La Leagues Cup 2026 llega a su fin. Frente a frente estar\u00e0n dos t\u00e8cnicos argentinos. Antonio Mohamed y Mat\u00ecas Almeyda, personajes reconocidos por el mundo futbol\u00ecsticos y por haber dejado huella en los equipos que pasaron ya sea como jugadores o responsables de equipos. El primero dirige al Toluca, mientras que el Pelado al Monterrey. Despu\u00e8s de tres t\u00ectulos ganados por equipos de la MLS, la liga mexicana volver\u00e0 a tener un equipo local como campe\u00f2n ya que la gran final que se jugar\u00e0 el domingo 6 de septiembre ser\u00e0 protagonizada por los Diablos Rojos del Toluca y los Rayados del Monterrery<\/strong>.<\/p>\n\n\n\n<div class=\"wp-block-columns is-layout-flex wp-container-core-columns-is-layout-7387b849 wp-block-columns-is-layout-flex\">\n<div class=\"wp-block-column is-layout-flow wp-block-column-is-layout-flow\" style=\"flex-basis:100%\">\n<hr class=\"wp-block-separator has-alpha-channel-opacity\"\/>\n<\/div>\n<\/div>\n\n\n\n<p class=\"wp-block-paragraph\">En plena \u00e9poca dorada,&nbsp;<strong>Toluca buscar\u00e1 su sexto t\u00edtulo bajo el mando de Antonio Mohamed<\/strong>&nbsp;el domingo, cuando dispute la final de la&nbsp;<strong>Leagues Cup 2026<\/strong>&nbsp;ante un&nbsp;<strong>Monterrey<\/strong>&nbsp;renovado, que sue\u00f1a con su primera conquista en la incipiente gesti\u00f3n del ambicioso&nbsp;<strong>Mat\u00edas Almeyda<\/strong>.<\/p>\n\n\n\n<p class=\"wp-block-paragraph\">Ya sean los Diablos del Turco Mohamed o los Rayados del Pelado Almeyda, la&nbsp;<strong>Liga MX volver\u00e1 a tener un campe\u00f3n de Leagues Cup<\/strong>&nbsp;luego de tres t\u00edtulos acaparados por los clubes de la MLS.<\/p>\n\n\n\n<p class=\"wp-block-paragraph\">En el partido preliminar, el&nbsp;<strong>Am\u00e9rica<\/strong>&nbsp;buscar\u00e1 quedarse con el tercer lugar como consuelo ante un&nbsp;<strong>Le\u00f3n<\/strong>&nbsp;que tiene un aliciente adicional: clasificarse a la&nbsp;<strong>Copa de Campeones de la Concacaf 2027<\/strong>.<\/p>\n\n\n\n<p class=\"wp-block-paragraph\">Al momento, hay&nbsp;<strong>ocho equipos mexicanos clasificados a la pr\u00f3xima Concachampions<\/strong>: Toluca, Cruz Azul, Tigres, Pumas, Am\u00e9rica, Guadalajara, Monterrey y Pachuca.<\/p>\n\n\n\n<h2 class=\"wp-block-heading\">Mohamed, el genio a vencer<\/h2>\n\n\n\n<p class=\"wp-block-paragraph\"><strong>Toluca y Monterrey<\/strong>&nbsp;se medir\u00e1n en el estadio Shell Energy, en Houston, a partir de las 20H15 locales (01H15 GMT del lunes).<\/p>\n\n\n\n<p class=\"wp-block-paragraph\">A casi 100 d\u00edas de su presentaci\u00f3n como entrenador del Monterrey, el&nbsp;<strong>Pelado Almeyda<\/strong>&nbsp;ha puesto en una final a los Rayados, que han acumulado&nbsp;<strong>cinco a\u00f1os sin ganar un t\u00edtulo<\/strong>&nbsp;a pesar de tener una de las n\u00f3minas m\u00e1s lujosas y potentes del f\u00fatbol mexicano.<\/p>\n\n\n\n<p class=\"wp-block-paragraph\">\u00abNo es tan f\u00e1cil, en tres meses, cambiar muchas cosas entre todos y poder competir por una final\u00bb, dijo Almeyda.<\/p>\n\n\n\n<p class=\"wp-block-paragraph\">En esta nueva versi\u00f3n del Monterrey, Almeyda ha despertado el instinto ofensivo de los Rayados. El argentino&nbsp;<strong>Lucas Ocampos<\/strong>&nbsp;anota y asiste. El belga&nbsp;<strong>Hugo Cuypers<\/strong>, reci\u00e9n fichado, es su mejor goleador en esta Leagues Cup.<\/p>\n\n\n\n<p class=\"wp-block-paragraph\">\u00abNosotros tenemos ambiciones y ganas de ganar. Es un mensaje que llevo siempre conmigo\u00bb, a\u00f1adi\u00f3 el Pelado de cara a la final. \u00abIremos a competir por lo m\u00e1ximo que tiene el f\u00fatbol, que son trofeos\u00bb.<\/p>\n\n\n\n<p class=\"wp-block-paragraph\">Pero la revoluci\u00f3n que Almeyda ha desatado en el Monterrey tendr\u00e1 su primera gran prueba ante la mayor fuerza dominante del f\u00fatbol mexicano en la actualidad: el&nbsp;<strong>Toluca<\/strong>.<\/p>\n\n\n\n<p class=\"wp-block-paragraph\">Han pasado casi 21 meses desde que el&nbsp;<strong>Turco Mohamed<\/strong>&nbsp;tom\u00f3 el mando del club escarlata para restablecer su estirpe ganadora.<\/p>\n\n\n\n<p class=\"wp-block-paragraph\">En 2025, su primer a\u00f1o juntos, el Turco y los Diablos&nbsp;<strong>ganaron cuatro t\u00edtulos. Sumaron un quinto en 2026<\/strong>.<\/p>\n\n\n\n<p class=\"wp-block-paragraph\">\u00abCuando ganamos la primera liga dije que ten\u00edamos que acostumbrarnos a este tipo de escenarios, y lo hemos logrado\u00bb, coment\u00f3 Mohamed. La Leagues Cup \u00abes un trofeo que no lo tenemos, por eso estamos ac\u00e1\u00bb.<\/p>\n\n\n\n<p class=\"wp-block-paragraph\">\u00abEl Turco es un genio\u00bb, reconoci\u00f3 Almeyda. \u00abHace mucho tiempo est\u00e1 en M\u00e9xico, conoce todo, y a medida que pasa el tiempo va queriendo cada vez m\u00e1s\u00bb.<\/p>\n\n\n\n<p class=\"wp-block-paragraph\">El Toluca lleg\u00f3 a la final con el extremo mexicano&nbsp;<strong>Alexis Vega<\/strong>&nbsp;como hombre clave, con&nbsp;<strong>18 pases decisivos<\/strong>.<\/p>\n\n\n\n<p class=\"wp-block-paragraph\">Los Diablos Rojos han sabido arregl\u00e1rselas sin su goleador estrella, el portugu\u00e9s&nbsp;<strong>Paulinho<\/strong>, quien no ha jugado en el semestre por una lesi\u00f3n en la pantorrilla derecha.<\/p>\n\n\n\n<p class=\"wp-block-paragraph\">Paulinho podr\u00eda reaparecer el domingo en caso de necesidad, adelant\u00f3 Mohamed, quien ha dado la titularidad al delantero uruguayo&nbsp;<strong>Federico Vi\u00f1as<\/strong>, refuerzo para esta temporada despu\u00e9s de jugar el Mundial 2026 con la Celeste.<\/p>\n\n\n\n<h2 class=\"wp-block-heading\">La ilusi\u00f3n del Le\u00f3n<\/h2>\n\n\n\n<p class=\"wp-block-paragraph\">A primera hora, el&nbsp;<strong>Am\u00e9rica y el Le\u00f3n<\/strong>&nbsp;se enfrentar\u00e1n tambi\u00e9n en el estadio Shell Energy desde las 17H00 locales (22H00 GMT).<\/p>\n\n\n\n<p class=\"wp-block-paragraph\">El juego del consuelo le sabe a poco a las \u00c1guilas que, ahora dirigidas por el uruguayo&nbsp;<strong>Guillermo Almada<\/strong>, buscaban ganar la Leagues Cup despu\u00e9s de las tres dolorosas eliminaciones que sufrieron durante la gesti\u00f3n del entrenador brasile\u00f1o Andr\u00e9 Jardine.<\/p>\n\n\n\n<p class=\"wp-block-paragraph\">En contraste, el Le\u00f3n del DT argentino&nbsp;<strong>Javier Gandolfi<\/strong>&nbsp;s\u00ed encuentra un aliciente para subir al podio:&nbsp;<strong>clasificar a la pr\u00f3xima Copa de Campeones de la Concacaf<\/strong>.<\/p>\n\n\n\n<p class=\"wp-block-paragraph\">Gandolfi consider\u00f3 que el duelo contra las \u00c1guilas es \u00abimportant\u00edsimo\u00bb para La Fiera.<\/p>\n\n\n\n<p class=\"wp-block-paragraph\">En caso de que el Le\u00f3n pierda ante el Am\u00e9rica, el pase a la Concachampions ser\u00e1 para el&nbsp;<strong>Tijuana<\/strong>, del entrenador uruguayo&nbsp;<strong>Sebasti\u00e1n \u00abLoco\u00bb Abreu<\/strong>.<\/p>\n\n\n\n<figure class=\"wp-block-image size-large\"><img loading=\"lazy\" decoding=\"async\" width=\"819\" height=\"1024\" src=\"https:\/\/www.deportedeprimera.com\/wp-content\/uploads\/2026\/09\/image-10-819x1024.png\" alt=\"\" class=\"wp-image-117992\" srcset=\"https:\/\/www.deportedeprimera.com\/wp-content\/uploads\/2026\/09\/image-10-819x1024.png 819w, https:\/\/www.deportedeprimera.com\/wp-content\/uploads\/2026\/09\/image-10-240x300.png 240w, https:\/\/www.deportedeprimera.com\/wp-content\/uploads\/2026\/09\/image-10-768x960.png 768w, https:\/\/www.deportedeprimera.com\/wp-content\/uploads\/2026\/09\/image-10-1024x1280.png 1024w, https:\/\/www.deportedeprimera.com\/wp-content\/uploads\/2026\/09\/image-10.png 1080w\" sizes=\"auto, (max-width: 819px) 100vw, 819px\" \/><\/figure>\n","protected":false},"excerpt":{"rendered":"<p>Deporte de Primera USA La Leagues Cup 2026 llega a su fin. Frente a frente&#8230;<\/p>\n","protected":false},"author":1,"featured_media":117993,"comment_status":"open","ping_status":"open","sticky":false,"template":"","format":"standard","meta":{"footnotes":""},"categories":[16],"tags":[],"class_list":["post-117991","post","type-post","status-publish","format-standard","has-post-thumbnail","hentry","category-leagues-cup"],"_links":{"self":[{"href":"https:\/\/www.deportedeprimera.com\/index.php\/wp-json\/wp\/v2\/posts\/117991","targetHints":{"allow":["GET"]}}],"collection":[{"href":"https:\/\/www.deportedeprimera.com\/index.php\/wp-json\/wp\/v2\/posts"}],"about":[{"href":"https:\/\/www.deportedeprimera.com\/index.php\/wp-json\/wp\/v2\/types\/post"}],"author":[{"embeddable":true,"href":"https:\/\/www.deportedeprimera.com\/index.php\/wp-json\/wp\/v2\/users\/1"}],"replies":[{"embeddable":true,"href":"https:\/\/www.deportedeprimera.com\/index.php\/wp-json\/wp\/v2\/comments?post=117991"}],"version-history":[{"count":1,"href":"https:\/\/www.deportedeprimera.com\/index.php\/wp-json\/wp\/v2\/posts\/117991\/revisions"}],"predecessor-version":[{"id":117994,"href":"https:\/\/www.deportedeprimera.com\/index.php\/wp-json\/wp\/v2\/posts\/117991\/revisions\/117994"}],"wp:featuredmedia":[{"embeddable":true,"href":"https:\/\/www.deportedeprimera.com\/index.php\/wp-json\/wp\/v2\/media\/117993"}],"wp:attachment":[{"href":"https:\/\/www.deportedeprimera.com\/index.php\/wp-json\/wp\/v2\/media?parent=117991"}],"wp:term":[{"taxonomy":"category","embeddable":true,"href":"https:\/\/www.deportedeprimera.com\/index.php\/wp-json\/wp\/v2\/categories?post=117991"},{"taxonomy":"post_tag","embeddable":true,"href":"https:\/\/www.deportedeprimera.com\/index.php\/wp-json\/wp\/v2\/tags?post=117991"}],"curies":[{"name":"wp","href":"https:\/\/api.w.org\/{rel}","templated":true}]}}