{"id":117987,"date":"2026-09-05T19:52:15","date_gmt":"2026-09-05T23:52:15","guid":{"rendered":"https:\/\/www.deportedeprimera.com\/?p=117987"},"modified":"2026-09-05T19:52:16","modified_gmt":"2026-09-05T23:52:16","slug":"el-argentino-francisco-cerundolo-tumba-a-fritz-y-se-mete-en-octavos-del-us-open","status":"publish","type":"post","link":"https:\/\/www.deportedeprimera.com\/index.php\/2026\/09\/05\/el-argentino-francisco-cerundolo-tumba-a-fritz-y-se-mete-en-octavos-del-us-open\/","title":{"rendered":"El argentino Francisco Cer\u00fandolo tumba a Fritz y se mete en octavos del US Open"},"content":{"rendered":"\n<p class=\"has-vivid-red-background-color has-background wp-block-paragraph\"><strong><kbd>Deporte de Primera USA<\/kbd><\/strong> <strong><kbd>Agencias<\/kbd><\/strong><\/p>\n\n\n\n<p class=\"wp-block-paragraph\"><strong>El argentino\u00a0Francisco Cer\u00fandolo\u00a0remont\u00f3 dos sets en contra y bati\u00f3 este s\u00e1bado al estadounidense\u00a0Taylor Fritz, subcampe\u00f3n del\u00a0US Open en 2024, para acceder a los octavos de final del Grand Slam de Nueva York<\/strong>.<\/p>\n\n\n\n<div class=\"wp-block-columns is-layout-flex wp-container-core-columns-is-layout-7387b849 wp-block-columns-is-layout-flex\">\n<div class=\"wp-block-column is-layout-flow wp-block-column-is-layout-flow\" style=\"flex-basis:100%\">\n<hr class=\"wp-block-separator has-alpha-channel-opacity\"\/>\n<\/div>\n<\/div>\n\n\n\n<p class=\"wp-block-paragraph\">Cer\u00fandolo,&nbsp;<strong>n\u00famero 25 del ranking mundial<\/strong>, cedi\u00f3 los primeros sets ante Fritz (10\u00ba) por 3-6 y 4-6, pero resurgi\u00f3 con parciales de&nbsp;<strong>6-3, 6-4 y 6-4<\/strong>&nbsp;ante la decepci\u00f3n del p\u00fablico de la pista central de Nueva York.<\/p>\n\n\n\n<p class=\"wp-block-paragraph\">En tres horas y 40 minutos, el argentino complet\u00f3 una de las sorpresas del torneo y dej\u00f3 al&nbsp;<strong>tenis estadounidense<\/strong>&nbsp;sin una de sus mejores bazas para conquistar el t\u00edtulo masculino por primera vez desde 2003.<\/p>\n\n\n\n<p class=\"wp-block-paragraph\">Cer\u00fandolo se estrenar\u00e1 en los&nbsp;<strong>octavos de final de Flushing Meadows<\/strong>&nbsp;uni\u00e9ndose a su compatriota&nbsp;<strong>Tom\u00e1s Etcheverry<\/strong>, que ser\u00e1n la primera dupla argentina en esa fase desde&nbsp;<strong>Juan Mart\u00edn del Potro y Diego Schwartzman en 2017<\/strong><\/p>\n\n\n\n<p class=\"wp-block-paragraph\">Su rival sal\u00eda del duelo entre el italiano&nbsp;<strong>Flavio Cobolli<\/strong>, quinto sembrado, y el belga Alexander Blockx.<\/p>\n\n\n\n<figure class=\"wp-block-image size-large\"><img loading=\"lazy\" decoding=\"async\" width=\"1024\" height=\"576\" src=\"https:\/\/www.deportedeprimera.com\/wp-content\/uploads\/2026\/09\/image-9-1024x576-1.png\" alt=\"\" class=\"wp-image-117988\" srcset=\"https:\/\/www.deportedeprimera.com\/wp-content\/uploads\/2026\/09\/image-9-1024x576-1.png 1024w, https:\/\/www.deportedeprimera.com\/wp-content\/uploads\/2026\/09\/image-9-300x169.png 300w, https:\/\/www.deportedeprimera.com\/wp-content\/uploads\/2026\/09\/image-9-768x432.png 768w, https:\/\/www.deportedeprimera.com\/wp-content\/uploads\/2026\/09\/image-9.png 1200w\" sizes=\"auto, (max-width: 1024px) 100vw, 1024px\" \/><\/figure>\n\n\n\n<p class=\"wp-block-paragraph\">Foto: AFP<\/p>\n\n\n\n<p class=\"wp-block-paragraph\"><\/p>\n","protected":false},"excerpt":{"rendered":"<p>Deporte de Primera USA Agencias El argentino\u00a0Francisco Cer\u00fandolo\u00a0remont\u00f3 dos sets en contra y bati\u00f3 este&#8230;<\/p>\n","protected":false},"author":1,"featured_media":117989,"comment_status":"open","ping_status":"open","sticky":false,"template":"","format":"standard","meta":{"footnotes":""},"categories":[14],"tags":[],"class_list":["post-117987","post","type-post","status-publish","format-standard","has-post-thumbnail","hentry","category-tenis"],"_links":{"self":[{"href":"https:\/\/www.deportedeprimera.com\/index.php\/wp-json\/wp\/v2\/posts\/117987","targetHints":{"allow":["GET"]}}],"collection":[{"href":"https:\/\/www.deportedeprimera.com\/index.php\/wp-json\/wp\/v2\/posts"}],"about":[{"href":"https:\/\/www.deportedeprimera.com\/index.php\/wp-json\/wp\/v2\/types\/post"}],"author":[{"embeddable":true,"href":"https:\/\/www.deportedeprimera.com\/index.php\/wp-json\/wp\/v2\/users\/1"}],"replies":[{"embeddable":true,"href":"https:\/\/www.deportedeprimera.com\/index.php\/wp-json\/wp\/v2\/comments?post=117987"}],"version-history":[{"count":1,"href":"https:\/\/www.deportedeprimera.com\/index.php\/wp-json\/wp\/v2\/posts\/117987\/revisions"}],"predecessor-version":[{"id":117990,"href":"https:\/\/www.deportedeprimera.com\/index.php\/wp-json\/wp\/v2\/posts\/117987\/revisions\/117990"}],"wp:featuredmedia":[{"embeddable":true,"href":"https:\/\/www.deportedeprimera.com\/index.php\/wp-json\/wp\/v2\/media\/117989"}],"wp:attachment":[{"href":"https:\/\/www.deportedeprimera.com\/index.php\/wp-json\/wp\/v2\/media?parent=117987"}],"wp:term":[{"taxonomy":"category","embeddable":true,"href":"https:\/\/www.deportedeprimera.com\/index.php\/wp-json\/wp\/v2\/categories?post=117987"},{"taxonomy":"post_tag","embeddable":true,"href":"https:\/\/www.deportedeprimera.com\/index.php\/wp-json\/wp\/v2\/tags?post=117987"}],"curies":[{"name":"wp","href":"https:\/\/api.w.org\/{rel}","templated":true}]}}