{"id":117982,"date":"2026-09-05T18:32:13","date_gmt":"2026-09-05T22:32:13","guid":{"rendered":"https:\/\/www.deportedeprimera.com\/?p=117982"},"modified":"2026-09-05T18:32:13","modified_gmt":"2026-09-05T22:32:13","slug":"la-primera-derrota-del-atletico-de-madrid-en-135-segundos","status":"publish","type":"post","link":"https:\/\/www.deportedeprimera.com\/index.php\/2026\/09\/05\/la-primera-derrota-del-atletico-de-madrid-en-135-segundos\/","title":{"rendered":"La primera derrota del Atl\u00e8tico de Madrid, en 135 segundos"},"content":{"rendered":"\n<p class=\"has-vivid-red-background-color has-background wp-block-paragraph\"><strong><kbd>Deporte de Primera USA<\/kbd><\/strong>  <strong><kbd>Por I\u00f1aki Dufour<\/kbd><\/strong><\/p>\n\n\n\n<p class=\"wp-block-paragraph\"><strong>Una vor\u00e1gine de dos goles en 135 segundos desat\u00f3 la primera derrota de la temporada del Atl\u00e9tico de Madrid, con dos balones perdidos en el sector derecho y descubierto en defensa en sendos contragolpes, con el 1-0 en el minuto 45:30 y el 2-0 en el 47:45, este \u00faltimo con apenas 15 segundos desde que sac\u00f3 de centro y recogi\u00f3 el bal\u00f3n de la red.<\/strong><\/p>\n\n\n\n<div class=\"wp-block-columns is-layout-flex wp-container-core-columns-is-layout-7387b849 wp-block-columns-is-layout-flex\">\n<div class=\"wp-block-column is-layout-flow wp-block-column-is-layout-flow\" style=\"flex-basis:100%\">\n<hr class=\"wp-block-separator has-alpha-channel-opacity\"\/>\n<\/div>\n<\/div>\n\n\n\n<figure class=\"wp-block-image size-large is-resized\"><img loading=\"lazy\" decoding=\"async\" width=\"819\" height=\"1024\" src=\"https:\/\/www.deportedeprimera.com\/wp-content\/uploads\/2026\/09\/image-7-819x1024.png\" alt=\"\" class=\"wp-image-117984\" style=\"width:840px;height:auto\" srcset=\"https:\/\/www.deportedeprimera.com\/wp-content\/uploads\/2026\/09\/image-7-819x1024.png 819w, https:\/\/www.deportedeprimera.com\/wp-content\/uploads\/2026\/09\/image-7-240x300.png 240w, https:\/\/www.deportedeprimera.com\/wp-content\/uploads\/2026\/09\/image-7-768x960.png 768w, https:\/\/www.deportedeprimera.com\/wp-content\/uploads\/2026\/09\/image-7-1024x1280.png 1024w, https:\/\/www.deportedeprimera.com\/wp-content\/uploads\/2026\/09\/image-7-1229x1536.png 1229w, https:\/\/www.deportedeprimera.com\/wp-content\/uploads\/2026\/09\/image-7.png 1440w\" sizes=\"auto, (max-width: 819px) 100vw, 819px\" \/><\/figure>\n\n\n\n<p class=\"wp-block-paragraph\">Mejor en el primer tiempo, la vuelta del segundo en San Mam\u00e9s contra el Athletic Club fue un golpe para el conjunto madrile\u00f1o, que hab\u00eda solventado las tres primeras citas sin perder, con las victorias contra el M\u00e1laga (2-0) y el Sevilla (1-3), m\u00e1s el empate en casa con Villarreal (2-2), peo cuyo balance est\u00e1 por debajo de las expectativas: 7 de 12 puntos. Un 58 por ciento. Otro inicio que lo repone en la duda.<\/p>\n\n\n\n<p class=\"wp-block-paragraph\">Todo un partido concentrado en 135 segundos decisivos y demoledores para el equipo dirigido por Diego Simeone, sentado en el banquillo, frustrado e incr\u00e9dulo cuando encaj\u00f3 el 2-0. \u00abEn el segundo tiempo, en esos cinco minutos por llamarle cinco, pero creo que fueron dos, el partido se fue. Ellos fueron contundentes y aprovecharon las circunstancias en esas dos acciones\u00bb, lament\u00f3 Diego Simeone, su entrenador, en declaraciones a &#8216;Movistar&#8217; al t\u00e9rmino del duelo en San Mam\u00e9s.<\/p>\n\n\n\n<p class=\"wp-block-paragraph\">El Atl\u00e9tico sac\u00f3 de centro en el inicio del segundo tiempo. \u00c1lex Baena, de nuevo por el medio de la delantera como &#8216;falso 9&#8217;, como en Sevilla, conect\u00f3 hacia atr\u00e1s con Pablo Barrios, quien jug\u00f3 hacia el lado derecho del ataque visitante. Llorente, Giuliano, Kang In\u2026.Y un pase fallido de Barrios que desat\u00f3 el contragolpe, inicialmente confuso, por si sali\u00f3 o no sali\u00f3 el bal\u00f3n, pero luego trepidante.<\/p>\n\n\n\n<p class=\"wp-block-paragraph\">Nico Williams recuper\u00f3 el bal\u00f3n, atraves\u00f3 las l\u00edneas tras combinar con Sancet, lo benefici\u00f3 un rebote y tom\u00f3 velocidad en el otro campo. Dio continuidad a la acci\u00f3n Robert Navarro, recibi\u00f3 I\u00f1aki Williams en su desmarque hacia el lado derecho del \u00e1rea rival y solt\u00f3 un tiro que toc\u00f3 en David Hancko y efectu\u00f3 la par\u00e1bola necesaria para el cabezazo de Nico Williams, ya dentro del \u00e1rea, ante Jan Oblak. Pasaron 30 segundos desde el saque de centro del Atl\u00e9tico de Madrid.<\/p>\n\n\n\n<p class=\"wp-block-paragraph\">El gol fue revisado en el VAR, por si el bal\u00f3n hab\u00eda salido por la l\u00ednea de banda a la altura de medio campo cuando lleg\u00f3 a Oihan Sancet justo despu\u00e9s de la recuperaci\u00f3n original de Nico Williams. \u00abM\u00e1s all\u00e1 de que se haya ido o no, entiendo que pod\u00edamos haber resuelto mucho mejor esa jugada\u00bb, apunt\u00f3 Simeone, cuyo equipo s\u00f3lo dej\u00f3 su marco a cero en la primera jornada y ha encajado seis goles en las cuatro citas disputadas.<\/p>\n\n\n\n<p class=\"wp-block-paragraph\">El 1-0 fue confirmado por el VAR en el minuto 47 y 12 segundos. El Atl\u00e9tico sac\u00f3 de nuevo desde el medio para reanudar el juego en el 47:30. Baena, Barrios, la p\u00e9rdida de Giuliano por un mal control y otra vez el contragolpe del Athletic: esta vez solo necesit\u00f3 15 segundos desde el saque del centro del campo contrario para transformar el 2-0, consumado en el minuto 47:45 segundos, de nuevo con un bal\u00f3n recuperado por Nico Williams, continuado por I\u00f1aki Williams y transformado en el gol, primero con un recorte a Alejandro Grimaldo, por Robert Navarro dentro del \u00e1rea. Dos goles en 135 segundos.<\/p>\n\n\n\n<p class=\"wp-block-paragraph\">I\u00f1aki Dufour<\/p>\n\n\n\n<p class=\"wp-block-paragraph\">(c) Agencia EFE<\/p>\n\n\n\n<figure class=\"wp-block-image size-large\"><img loading=\"lazy\" decoding=\"async\" width=\"1024\" height=\"767\" src=\"https:\/\/www.deportedeprimera.com\/wp-content\/uploads\/2026\/09\/image-8-1024x767.png\" alt=\"\" class=\"wp-image-117985\" srcset=\"https:\/\/www.deportedeprimera.com\/wp-content\/uploads\/2026\/09\/image-8-1024x767.png 1024w, https:\/\/www.deportedeprimera.com\/wp-content\/uploads\/2026\/09\/image-8-300x225.png 300w, https:\/\/www.deportedeprimera.com\/wp-content\/uploads\/2026\/09\/image-8-767x574.png 767w, https:\/\/www.deportedeprimera.com\/wp-content\/uploads\/2026\/09\/image-8-1023x766.png 1023w, https:\/\/www.deportedeprimera.com\/wp-content\/uploads\/2026\/09\/image-8-1536x1150.png 1536w, https:\/\/www.deportedeprimera.com\/wp-content\/uploads\/2026\/09\/image-8.png 1723w\" sizes=\"auto, (max-width: 1024px) 100vw, 1024px\" \/><\/figure>\n\n\n\n<p class=\"wp-block-paragraph\"><\/p>\n","protected":false},"excerpt":{"rendered":"<p>Deporte de Primera USA Por I\u00f1aki Dufour Una vor\u00e1gine de dos goles en 135 segundos&#8230;<\/p>\n","protected":false},"author":1,"featured_media":117983,"comment_status":"open","ping_status":"open","sticky":false,"template":"","format":"standard","meta":{"footnotes":""},"categories":[15],"tags":[],"class_list":["post-117982","post","type-post","status-publish","format-standard","has-post-thumbnail","hentry","category-futbol-espanol"],"_links":{"self":[{"href":"https:\/\/www.deportedeprimera.com\/index.php\/wp-json\/wp\/v2\/posts\/117982","targetHints":{"allow":["GET"]}}],"collection":[{"href":"https:\/\/www.deportedeprimera.com\/index.php\/wp-json\/wp\/v2\/posts"}],"about":[{"href":"https:\/\/www.deportedeprimera.com\/index.php\/wp-json\/wp\/v2\/types\/post"}],"author":[{"embeddable":true,"href":"https:\/\/www.deportedeprimera.com\/index.php\/wp-json\/wp\/v2\/users\/1"}],"replies":[{"embeddable":true,"href":"https:\/\/www.deportedeprimera.com\/index.php\/wp-json\/wp\/v2\/comments?post=117982"}],"version-history":[{"count":1,"href":"https:\/\/www.deportedeprimera.com\/index.php\/wp-json\/wp\/v2\/posts\/117982\/revisions"}],"predecessor-version":[{"id":117986,"href":"https:\/\/www.deportedeprimera.com\/index.php\/wp-json\/wp\/v2\/posts\/117982\/revisions\/117986"}],"wp:featuredmedia":[{"embeddable":true,"href":"https:\/\/www.deportedeprimera.com\/index.php\/wp-json\/wp\/v2\/media\/117983"}],"wp:attachment":[{"href":"https:\/\/www.deportedeprimera.com\/index.php\/wp-json\/wp\/v2\/media?parent=117982"}],"wp:term":[{"taxonomy":"category","embeddable":true,"href":"https:\/\/www.deportedeprimera.com\/index.php\/wp-json\/wp\/v2\/categories?post=117982"},{"taxonomy":"post_tag","embeddable":true,"href":"https:\/\/www.deportedeprimera.com\/index.php\/wp-json\/wp\/v2\/tags?post=117982"}],"curies":[{"name":"wp","href":"https:\/\/api.w.org\/{rel}","templated":true}]}}