{"id":116640,"date":"2026-06-16T22:31:27","date_gmt":"2026-06-17T02:31:27","guid":{"rendered":"https:\/\/www.deportedeprimera.com\/?p=116640"},"modified":"2026-06-16T22:32:27","modified_gmt":"2026-06-17T02:32:27","slug":"debut-sonado-y-doblete-de-erling-haaland-noruega-goleo-4-1-a-irak","status":"publish","type":"post","link":"https:\/\/www.deportedeprimera.com\/index.php\/2026\/06\/16\/debut-sonado-y-doblete-de-erling-haaland-noruega-goleo-4-1-a-irak\/","title":{"rendered":"Debut so\u00f1ado y doblete de Erling Haaland: Noruega gole\u00f3 4-1 a Irak"},"content":{"rendered":"\n<p class=\"wp-block-paragraph\">La\u00a0<strong>selecci\u00f3n de Noruega<\/strong>\u00a0se mostr\u00f3 s\u00f3lida ante una Irak que se vi\u00f3 superada f\u00edsicamente frente a un equipo que lider\u00f3\u00a0<strong>Erling Haaland<\/strong>\u00a0en ataque. En su primer partido en una Copa del Mundo, el \u2018Vikingo\u2019 marc\u00f3 un doblete en su primer partido en el\u00a0<strong>Mundial 2026<\/strong>, que termin\u00f3 4-1 a favor del conjunto europeo.\u00a0<\/p>\n\n\n\n<p class=\"wp-block-paragraph\">En el inicio del partido mostr\u00f3 a un Irak que no dej\u00f3 de esforzarse, aunque incapaz de poder batir a la defensa gigante de los noruegos.\u00a0<strong>Erling Haaland<\/strong>\u00a0se encarg\u00f3 de escribir el inicio de su historia en el\u00a0<strong>Mundial\u00a0<\/strong>tras forzar un remate a un centro que parec\u00eda irse largo del lateral Wolfe, anotando en su debut en la m\u00e1xima cita del f\u00fatbol a los 29 minutos del primer tiempo. 10 minutos despu\u00e9s, la\u00a0<strong>selecci\u00f3n iraqu\u00ed<\/strong>\u00a0igual\u00f3 el partido de su m\u00e1xima figura,\u00a0<strong>Aymen Hussein<\/strong>\u00a0de un fuerte cabezazo al piso que bati\u00f3 al portero Nyland.\u00a0<\/p>\n\n\n\n<p class=\"wp-block-paragraph\">Poco le dur\u00f3 la tranquilidad del empate a los iraqu\u00edes, que vieron como su arquero a dos minutos del cierre del primer tiempo demoraba en hacer un pase y al ser presionado por Haaland, terminar\u00eda concediendo un gol por rebote del delantero del Manchester City.&nbsp;<strong><\/strong><\/p>\n\n\n\n<p class=\"wp-block-paragraph\">El tercero vino c\u00f3rner pateado por \u00d8degaard que encontrar\u00eda a \u00d8stig\u00e5rd en camino hacia un poco delante del punto penal, donde remat\u00f3 a placer con la cabeza. El \u00faltimo vino despu\u00e9s de un centro al \u00e1rea que termin\u00f3 en&nbsp;<strong>autogol<\/strong>&nbsp;del delantero que hab\u00eda marcado el gol de Irak, Aymen Hussein, quien cabeceo accidentalmente a su propio arco. Con este gol, los n\u00f3rdicos se quedaron con la victoria, quedando punteros junto a la&nbsp;<strong>Francia de Kylian Mbappe<\/strong>&nbsp;por el grupo I del Mundial 2026.<\/p>\n","protected":false},"excerpt":{"rendered":"<p>La\u00a0selecci\u00f3n de Noruega\u00a0se mostr\u00f3 s\u00f3lida ante una Irak que se vi\u00f3 superada f\u00edsicamente frente a&#8230;<\/p>\n","protected":false},"author":1,"featured_media":116642,"comment_status":"open","ping_status":"open","sticky":false,"template":"","format":"standard","meta":{"footnotes":""},"categories":[20],"tags":[],"class_list":["post-116640","post","type-post","status-publish","format-standard","has-post-thumbnail","hentry","category-mundial-2026"],"_links":{"self":[{"href":"https:\/\/www.deportedeprimera.com\/index.php\/wp-json\/wp\/v2\/posts\/116640","targetHints":{"allow":["GET"]}}],"collection":[{"href":"https:\/\/www.deportedeprimera.com\/index.php\/wp-json\/wp\/v2\/posts"}],"about":[{"href":"https:\/\/www.deportedeprimera.com\/index.php\/wp-json\/wp\/v2\/types\/post"}],"author":[{"embeddable":true,"href":"https:\/\/www.deportedeprimera.com\/index.php\/wp-json\/wp\/v2\/users\/1"}],"replies":[{"embeddable":true,"href":"https:\/\/www.deportedeprimera.com\/index.php\/wp-json\/wp\/v2\/comments?post=116640"}],"version-history":[{"count":1,"href":"https:\/\/www.deportedeprimera.com\/index.php\/wp-json\/wp\/v2\/posts\/116640\/revisions"}],"predecessor-version":[{"id":116641,"href":"https:\/\/www.deportedeprimera.com\/index.php\/wp-json\/wp\/v2\/posts\/116640\/revisions\/116641"}],"wp:featuredmedia":[{"embeddable":true,"href":"https:\/\/www.deportedeprimera.com\/index.php\/wp-json\/wp\/v2\/media\/116642"}],"wp:attachment":[{"href":"https:\/\/www.deportedeprimera.com\/index.php\/wp-json\/wp\/v2\/media?parent=116640"}],"wp:term":[{"taxonomy":"category","embeddable":true,"href":"https:\/\/www.deportedeprimera.com\/index.php\/wp-json\/wp\/v2\/categories?post=116640"},{"taxonomy":"post_tag","embeddable":true,"href":"https:\/\/www.deportedeprimera.com\/index.php\/wp-json\/wp\/v2\/tags?post=116640"}],"curies":[{"name":"wp","href":"https:\/\/api.w.org\/{rel}","templated":true}]}}