{"id":116627,"date":"2026-06-16T21:01:01","date_gmt":"2026-06-17T01:01:01","guid":{"rendered":"https:\/\/www.deportedeprimera.com\/?p=116627"},"modified":"2026-06-16T21:09:01","modified_gmt":"2026-06-17T01:09:01","slug":"francia-la-tenia-complicado-pero-desperto-a-tiempo-para-derrotar-3-a-1-con-dos-goles-de-mbappe-y-barcola","status":"publish","type":"post","link":"https:\/\/www.deportedeprimera.com\/index.php\/2026\/06\/16\/francia-la-tenia-complicado-pero-desperto-a-tiempo-para-derrotar-3-a-1-con-dos-goles-de-mbappe-y-barcola\/","title":{"rendered":"Francia la ten\u00eca complicada, pero despert\u00f2 a tiempo para derrotar 3 a 1 con dos goles de Mbapp\u00e8 y Barcola"},"content":{"rendered":"\n<p class=\"has-vivid-red-background-color has-background wp-block-paragraph\"><strong><kbd>Deporte de Primera USA<\/kbd><\/strong> <strong><kbd>Por Rafael Estrada Pasco<\/kbd><\/strong><\/p>\n\n\n\n<p class=\"wp-block-paragraph\"><strong>Paciencia le sobr\u00f3 a Francia para jugar con tranquilidad, buscar espacios y pegar en el momento oportuno. Y fue precisamente en el segundo tiempo donde el equipo Galo se acord\u00f3 que calidad y f\u00fatbol le sobra para que aparezca Mbapp\u00e9 y abrir el marcador. Luego Barcola, con dos minutos de estar en la cancha, anota de derecha. Senegal se ilusiona con el descuento de Mbaye, pero segundos despu\u00e9s, otra vez aparece Mbapp\u00e9 para anotar un golazo y cerrar un 3 a 1 a favor de Francia.<\/strong><\/p>\n\n\n\n<div class=\"wp-block-columns is-layout-flex wp-container-core-columns-is-layout-7387b849 wp-block-columns-is-layout-flex\">\n<div class=\"wp-block-column is-layout-flow wp-block-column-is-layout-flow\" style=\"flex-basis:100%\">\n<hr class=\"wp-block-separator has-alpha-channel-opacity\"\/>\n<\/div>\n<\/div>\n\n\n\n<figure class=\"wp-block-image size-full is-resized\"><img loading=\"lazy\" decoding=\"async\" width=\"768\" height=\"512\" src=\"https:\/\/www.deportedeprimera.com\/wp-content\/uploads\/2026\/06\/image-28.png\" alt=\"\" class=\"wp-image-116628\" style=\"width:840px;height:auto\" srcset=\"https:\/\/www.deportedeprimera.com\/wp-content\/uploads\/2026\/06\/image-28.png 768w, https:\/\/www.deportedeprimera.com\/wp-content\/uploads\/2026\/06\/image-28-300x200.png 300w\" sizes=\"auto, (max-width: 768px) 100vw, 768px\" \/><\/figure>\n\n\n\n<p class=\"wp-block-paragraph\"><strong><em>Upamecano marca a Sadio Mane &#8211; Cr\u00e9ditos: @Frank Franklin II<\/em><\/strong><\/p>\n\n\n\n<p class=\"wp-block-paragraph\">Seguramente este equipo, con chapa de candidato, tiene mucho m\u00e1s que demostrar. Ya lo veremos a medida que transcurra la Copa. Lo de Senegal, destacable. Bien ordenado. Tiene lo suyo en ataca y jugadores que tratan bien a la pelota. En el cero a uno iguala el marcador, pero por posici\u00f3n adelantada de Jakson fue anulado el gol. Seguro dar\u00e1 pelea en los pr\u00f3ximos partidos que le toque jugar con Irak y Noruega.<\/p>\n\n\n\n<p class=\"wp-block-paragraph\">Un primer tiempo aburrido y ap\u00e1tico. Y sin temor a equivocarme, los primeros minutos del segundo tiempo iba por ese camino hasta que apareci\u00f2 el m\u00e0s esperado. Nada m\u00e0s y nada menos que <strong>Kylian Mbappe<\/strong> para convertir el primer tanto del compromiso y despertar a la afici\u00f2n con el popular grito de gol. Luego llegar\u00eca el segundo por parte de Barcola y cuando el partido entr\u00f2 a la recta final, el buen rival senegal\u00e8s descuenta por parte de Mbaye ilusionando a los hinchas que asistieron al MetLife, pero segundo despu\u00e8s vuelve aparecer la figura del 10 franc\u00e8s convirtiendo el tercer gol definitivo y sumar tres puntos en el Grupo I.<\/p>\n\n\n\n<p class=\"wp-block-paragraph\"><strong>KYLIAN, HIST\u00d3RICO<\/strong><\/p>\n\n\n\n<p class=\"wp-block-paragraph\">Con su gol, Mbapp\u00e9 lleg\u00f3 a 14 tantos en la Copa del Mundo (ha disputado tres y ha marcado en todas) y super\u00f3 al franc\u00e9s con m\u00e1s goles en la competici\u00f3n, Just Fontaine, quien marc\u00f3 sus 13 tantos en un solo torneo, en la edici\u00f3n de Suecia 1958.<\/p>\n\n\n\n<p class=\"wp-block-paragraph\">Adem\u00e1s, tambi\u00e9n super\u00f3 a Lionel Messi (quien jugar\u00e1 este noche) e igual\u00f3 a Gerd M\u00fcller, quedando a dos de igualar y a tres de superar al mayor anotador en el certamen, Miroslav Klose (16).<\/p>\n\n\n\n<figure class=\"wp-block-image size-full is-resized\"><img loading=\"lazy\" decoding=\"async\" width=\"768\" height=\"512\" src=\"https:\/\/www.deportedeprimera.com\/wp-content\/uploads\/2026\/06\/image-29.png\" alt=\"\" class=\"wp-image-116629\" style=\"width:840px;height:auto\" srcset=\"https:\/\/www.deportedeprimera.com\/wp-content\/uploads\/2026\/06\/image-29.png 768w, https:\/\/www.deportedeprimera.com\/wp-content\/uploads\/2026\/06\/image-29-300x200.png 300w\" sizes=\"auto, (max-width: 768px) 100vw, 768px\" \/><\/figure>\n\n\n\n<p class=\"wp-block-paragraph\"><strong><em>Theo Hernandez, de Francia, despeja de cabeza &#8211; Cr\u00e9ditos: @ANGELA WEISS<\/em><\/strong><\/p>\n\n\n\n<p class=\"wp-block-paragraph\"><\/p>\n","protected":false},"excerpt":{"rendered":"<p>Deporte de Primera USA Por Rafael Estrada Pasco Paciencia le sobr\u00f3 a Francia para jugar&#8230;<\/p>\n","protected":false},"author":1,"featured_media":116630,"comment_status":"open","ping_status":"open","sticky":false,"template":"","format":"standard","meta":{"footnotes":""},"categories":[20],"tags":[],"class_list":["post-116627","post","type-post","status-publish","format-standard","has-post-thumbnail","hentry","category-mundial-2026"],"_links":{"self":[{"href":"https:\/\/www.deportedeprimera.com\/index.php\/wp-json\/wp\/v2\/posts\/116627","targetHints":{"allow":["GET"]}}],"collection":[{"href":"https:\/\/www.deportedeprimera.com\/index.php\/wp-json\/wp\/v2\/posts"}],"about":[{"href":"https:\/\/www.deportedeprimera.com\/index.php\/wp-json\/wp\/v2\/types\/post"}],"author":[{"embeddable":true,"href":"https:\/\/www.deportedeprimera.com\/index.php\/wp-json\/wp\/v2\/users\/1"}],"replies":[{"embeddable":true,"href":"https:\/\/www.deportedeprimera.com\/index.php\/wp-json\/wp\/v2\/comments?post=116627"}],"version-history":[{"count":3,"href":"https:\/\/www.deportedeprimera.com\/index.php\/wp-json\/wp\/v2\/posts\/116627\/revisions"}],"predecessor-version":[{"id":116634,"href":"https:\/\/www.deportedeprimera.com\/index.php\/wp-json\/wp\/v2\/posts\/116627\/revisions\/116634"}],"wp:featuredmedia":[{"embeddable":true,"href":"https:\/\/www.deportedeprimera.com\/index.php\/wp-json\/wp\/v2\/media\/116630"}],"wp:attachment":[{"href":"https:\/\/www.deportedeprimera.com\/index.php\/wp-json\/wp\/v2\/media?parent=116627"}],"wp:term":[{"taxonomy":"category","embeddable":true,"href":"https:\/\/www.deportedeprimera.com\/index.php\/wp-json\/wp\/v2\/categories?post=116627"},{"taxonomy":"post_tag","embeddable":true,"href":"https:\/\/www.deportedeprimera.com\/index.php\/wp-json\/wp\/v2\/tags?post=116627"}],"curies":[{"name":"wp","href":"https:\/\/api.w.org\/{rel}","templated":true}]}}