{"id":116621,"date":"2026-06-16T18:05:19","date_gmt":"2026-06-16T22:05:19","guid":{"rendered":"https:\/\/www.deportedeprimera.com\/?p=116621"},"modified":"2026-06-16T18:05:20","modified_gmt":"2026-06-16T22:05:20","slug":"kylian-mbappe-supero-a-fontaine-y-messi","status":"publish","type":"post","link":"https:\/\/www.deportedeprimera.com\/index.php\/2026\/06\/16\/kylian-mbappe-supero-a-fontaine-y-messi\/","title":{"rendered":"Kylian Mbapp\u00e9  super\u00f3 a Fontaine y Messi\u00a0"},"content":{"rendered":"\n<p class=\"wp-block-paragraph\"><strong>Kylian Mbapp\u00e9<\/strong>&nbsp;volvi\u00f3 a dejar su huella en la historia de los Mundiales. El delantero franc\u00e9s abri\u00f3 el marcador para&nbsp;<strong>Francia<\/strong>&nbsp;a los 66 minutos del encuentro frente a&nbsp;<strong>Senegal,<\/strong>&nbsp;firmando el tanto que le dio la ventaja a su selecci\u00f3n en el estreno del&nbsp;<strong>Grupo I del Mundial 2026&nbsp;<\/strong>y luego convirti\u00f3 el tercero a los 90+6 para sellar la victoria francesa.<\/p>\n\n\n\n<p class=\"wp-block-paragraph\">Adem\u00e1s de la importancia sus goles para el resultado, las anotaciones tuvieron un valor hist\u00f3rico para el atacante. Con ese festejo alcanz\u00f3 los&nbsp;<strong>14 goles&nbsp;<\/strong>en&nbsp;<strong>Copas del Mundo<\/strong>, una cifra que le permite&nbsp;<strong>superar el r\u00e9cord de Just Fontaine&nbsp;<\/strong>como m\u00e1ximo goleador franc\u00e9s en la historia de la competici\u00f3n.<\/p>\n\n\n\n<p class=\"wp-block-paragraph\">Las conquistas ante\u00a0<strong>Senegal<\/strong>\u00a0tambi\u00e9n le permitieron escalar posiciones en la tabla hist\u00f3rica de goleadores de los Mundiales.\u00a0<strong>Mbapp\u00e9<\/strong>\u00a0super\u00f3 a\u00a0<strong>Lionel Messi<\/strong>\u00a0con 15 anotaciones y ahora comparte el tercer lugar entre los m\u00e1ximos artilleros de todos los tiempos, nada menos que con el hist\u00f3rico Gerd M\u00fcller.<\/p>\n\n\n\n<p class=\"wp-block-paragraph\">El franc\u00e9s qued\u00f3 a un gol de\u00a0<strong>Ronaldo Nazario<\/strong>\u00a0y ahora ir\u00e1 por la marca que ostenta\u00a0<strong>Miroslav Klose\u00a0<\/strong>de 16 goles.\u00a0<strong>Kylian Mbapp\u00e9<\/strong>\u00a0podr\u00eda escribir su nombre como el m\u00e1ximo artillero en este Mundial 2026 que reci\u00e9n inicial.<\/p>\n","protected":false},"excerpt":{"rendered":"<p>Kylian Mbapp\u00e9&nbsp;volvi\u00f3 a dejar su huella en la historia de los Mundiales. El delantero franc\u00e9s&#8230;<\/p>\n","protected":false},"author":1,"featured_media":116622,"comment_status":"open","ping_status":"open","sticky":false,"template":"","format":"standard","meta":{"footnotes":""},"categories":[20],"tags":[],"class_list":["post-116621","post","type-post","status-publish","format-standard","has-post-thumbnail","hentry","category-mundial-2026"],"_links":{"self":[{"href":"https:\/\/www.deportedeprimera.com\/index.php\/wp-json\/wp\/v2\/posts\/116621","targetHints":{"allow":["GET"]}}],"collection":[{"href":"https:\/\/www.deportedeprimera.com\/index.php\/wp-json\/wp\/v2\/posts"}],"about":[{"href":"https:\/\/www.deportedeprimera.com\/index.php\/wp-json\/wp\/v2\/types\/post"}],"author":[{"embeddable":true,"href":"https:\/\/www.deportedeprimera.com\/index.php\/wp-json\/wp\/v2\/users\/1"}],"replies":[{"embeddable":true,"href":"https:\/\/www.deportedeprimera.com\/index.php\/wp-json\/wp\/v2\/comments?post=116621"}],"version-history":[{"count":1,"href":"https:\/\/www.deportedeprimera.com\/index.php\/wp-json\/wp\/v2\/posts\/116621\/revisions"}],"predecessor-version":[{"id":116623,"href":"https:\/\/www.deportedeprimera.com\/index.php\/wp-json\/wp\/v2\/posts\/116621\/revisions\/116623"}],"wp:featuredmedia":[{"embeddable":true,"href":"https:\/\/www.deportedeprimera.com\/index.php\/wp-json\/wp\/v2\/media\/116622"}],"wp:attachment":[{"href":"https:\/\/www.deportedeprimera.com\/index.php\/wp-json\/wp\/v2\/media?parent=116621"}],"wp:term":[{"taxonomy":"category","embeddable":true,"href":"https:\/\/www.deportedeprimera.com\/index.php\/wp-json\/wp\/v2\/categories?post=116621"},{"taxonomy":"post_tag","embeddable":true,"href":"https:\/\/www.deportedeprimera.com\/index.php\/wp-json\/wp\/v2\/tags?post=116621"}],"curies":[{"name":"wp","href":"https:\/\/api.w.org\/{rel}","templated":true}]}}