{"id":116618,"date":"2026-06-16T18:02:53","date_gmt":"2026-06-16T22:02:53","guid":{"rendered":"https:\/\/www.deportedeprimera.com\/?p=116618"},"modified":"2026-06-16T22:07:53","modified_gmt":"2026-06-17T02:07:53","slug":"con-doblete-de-mbappe-francia-sello-el-triunfo-3-1-ante-senegal","status":"publish","type":"post","link":"https:\/\/www.deportedeprimera.com\/index.php\/2026\/06\/16\/con-doblete-de-mbappe-francia-sello-el-triunfo-3-1-ante-senegal\/","title":{"rendered":"Con doblete de Mbapp\u00e9: Francia sell\u00f3 el triunfo 3-1 ante Senegal"},"content":{"rendered":"\n<p class=\"wp-block-paragraph\"><strong>Francia<\/strong>\u00a0arranc\u00f3 con el pie derecho su participaci\u00f3n en el\u00a0<strong>Mundial 2026<\/strong>\u00a0al imponerse por\u00a0<strong>3-1<\/strong>\u00a0a Senegal, en un encuentro que tuvo a Kylian Mbapp\u00e9 como gran figura gracias a su doblete. La escuadra africana gener\u00f3 ocasiones para complicar a los galos, pero volvi\u00f3 a mostrar falta de eficacia de cara al arco rival. Con este resultado, los\u00a0<strong>franceses\u00a0<\/strong>sumaron sus primeros tres puntos en el Grupo I y ratificaron su condici\u00f3n de firmes candidatos al t\u00edtulo de la\u00a0<strong>Copa del Mundo<\/strong>.<\/p>\n\n\n\n<p class=\"wp-block-paragraph\">Con&nbsp;<strong>Kylian Mbapp\u00e9<\/strong>&nbsp;como principal protagonista,&nbsp;<strong>Francia&nbsp;<\/strong>tuvo que esperar hasta la segunda mitad para romper la resistencia de Senegal. Tras un primer tiempo en el que los africanos generaron las ocasiones m\u00e1s claras \u2014incluido un remate de Nicolas Jackson al poste y varias intervenciones de Mike Maignan\u2014, los galos encontraron la ventaja a los 66 minutos.&nbsp;<strong>Michael Olise<\/strong>&nbsp;filtr\u00f3 un preciso pase al espacio para Mbapp\u00e9, quien defini\u00f3 cruzado ante la salida de&nbsp;<strong>Edouard Mendy<\/strong>&nbsp;para abrir el marcador.&nbsp;<\/p>\n\n\n\n<p class=\"wp-block-paragraph\">El tanto liber\u00f3 a la selecci\u00f3n francesa, que mostr\u00f3 una versi\u00f3n mucho m\u00e1s contundente en el tramo final del encuentro. El extremo del PSG,\u00a0<strong>Bradley Barcola\u00a0<\/strong>anot\u00f3 el segundo picando el bal\u00f3n por encima del guardameta senegal\u00e9s. Los africanos descontar\u00f3n en el 90+5 de la mano de\u00a0<strong>Ibrahim Mbay\u00e9<\/strong>, poniendo activando las alarmas francesas pero\u00a0<strong>Mbapp\u00e9\u00a0<\/strong>volvi\u00f3 a hacerse presente en el marcador un minuto para firmar su doblete con un\u00a0<strong>gol impresionante desde fuera del \u00e1rea<\/strong>\u00a0y encaminar la victoria. Francia termin\u00f3 imponi\u00e9ndose por 3-1 en el MetLife Stadium, sum\u00f3 sus primeros tres puntos en el Grupo I y dej\u00f3 en claro por qu\u00e9 es considerada una de las grandes favoritas para conquistar el Mundial 2026.\u00a0\u00a0<\/p>\n","protected":false},"excerpt":{"rendered":"<p>Francia\u00a0arranc\u00f3 con el pie derecho su participaci\u00f3n en el\u00a0Mundial 2026\u00a0al imponerse por\u00a03-1\u00a0a Senegal, en un&#8230;<\/p>\n","protected":false},"author":1,"featured_media":116622,"comment_status":"open","ping_status":"open","sticky":false,"template":"","format":"standard","meta":{"footnotes":""},"categories":[20],"tags":[],"class_list":["post-116618","post","type-post","status-publish","format-standard","has-post-thumbnail","hentry","category-mundial-2026"],"_links":{"self":[{"href":"https:\/\/www.deportedeprimera.com\/index.php\/wp-json\/wp\/v2\/posts\/116618","targetHints":{"allow":["GET"]}}],"collection":[{"href":"https:\/\/www.deportedeprimera.com\/index.php\/wp-json\/wp\/v2\/posts"}],"about":[{"href":"https:\/\/www.deportedeprimera.com\/index.php\/wp-json\/wp\/v2\/types\/post"}],"author":[{"embeddable":true,"href":"https:\/\/www.deportedeprimera.com\/index.php\/wp-json\/wp\/v2\/users\/1"}],"replies":[{"embeddable":true,"href":"https:\/\/www.deportedeprimera.com\/index.php\/wp-json\/wp\/v2\/comments?post=116618"}],"version-history":[{"count":2,"href":"https:\/\/www.deportedeprimera.com\/index.php\/wp-json\/wp\/v2\/posts\/116618\/revisions"}],"predecessor-version":[{"id":116620,"href":"https:\/\/www.deportedeprimera.com\/index.php\/wp-json\/wp\/v2\/posts\/116618\/revisions\/116620"}],"wp:featuredmedia":[{"embeddable":true,"href":"https:\/\/www.deportedeprimera.com\/index.php\/wp-json\/wp\/v2\/media\/116622"}],"wp:attachment":[{"href":"https:\/\/www.deportedeprimera.com\/index.php\/wp-json\/wp\/v2\/media?parent=116618"}],"wp:term":[{"taxonomy":"category","embeddable":true,"href":"https:\/\/www.deportedeprimera.com\/index.php\/wp-json\/wp\/v2\/categories?post=116618"},{"taxonomy":"post_tag","embeddable":true,"href":"https:\/\/www.deportedeprimera.com\/index.php\/wp-json\/wp\/v2\/tags?post=116618"}],"curies":[{"name":"wp","href":"https:\/\/api.w.org\/{rel}","templated":true}]}}