{"id":106144,"date":"2023-06-29T16:49:13","date_gmt":"2023-06-29T20:49:13","guid":{"rendered":"https:\/\/deportedeprimera.com\/?p=106144"},"modified":"2023-06-29T16:49:14","modified_gmt":"2023-06-29T20:49:14","slug":"feliciano-dice-adios-al-torneo-de-mallorca-y-al-tenis-profesional","status":"publish","type":"post","link":"https:\/\/www.deportedeprimera.com\/index.php\/2023\/06\/29\/feliciano-dice-adios-al-torneo-de-mallorca-y-al-tenis-profesional\/","title":{"rendered":"Feliciano dice adi\u00f3s al torneo de Mallorca y al tenis profesional"},"content":{"rendered":"\n<p class=\"wp-block-paragraph\"><strong><kbd>Deporte de Primera USA<\/kbd><\/strong> <strong><kbd>Con informaci\u00f3n de EFE Deportes<\/kbd><\/strong><\/p>\n\n\n\n<p class=\"wp-block-paragraph\"><strong><em>Feliciano L\u00f3pez perdi\u00f3 este jueves ante el alem\u00e1n Yannick Hanfmann por 6-2 y 6-4, se despidi\u00f3 en los cuartos de final del torneo de Mallorca y puso fin a su recorrido como tenista profesional despu\u00e9s de m\u00e1s de veinticinco temporadas en el circuito, con siete t\u00edtulos individuales y seis de dobles en la ATP. No pudo el jugador toledano de 41 a\u00f1os alargar su presencia sobre la hierba del evento balear. Actualmente ubicado en el puesto 634 de la clasificaci\u00f3n mundial eligi\u00f3 el torneo de Mallorca como el escenario final de su carrera.<\/em><\/strong><\/p>\n\n\n\n<figure class=\"wp-block-image\"><img decoding=\"async\" src=\"https:\/\/pbs.twimg.com\/media\/FzzPgm7XwAE__l9?format=jpg&amp;name=900x900\" alt=\"Imagen\"\/><\/figure>\n\n\n\n<p class=\"wp-block-paragraph\">Acompa\u00f1ado de su familia, su mujer y su hijo en Palma ha alargado d\u00eda a d\u00eda su estancia en esta competici\u00f3n. Gan\u00f3 en primera ronda al australiano Max Purcell y despu\u00e9s, en octavos al tambi\u00e9n oce\u00e1nico Jordan Thompson.<\/p>\n\n\n\n<p class=\"wp-block-paragraph\">No le dio para superar a Hanfmann con el que ya hab\u00eda perdido en el 2017, en el torneo de Gstaad. El germano, 48 del mundo, semifinalista en Houston esta temporada y protagonista de la gran sorpresa de la competici\u00f3n al eliminar al primer favorito, el griego Stefanos Tsitsipas, tard\u00f3 una hora y diez minutos en sentenciar el adi\u00f3s de uno de los tenistas m\u00e1s relevantes del tenis espa\u00f1ol: cinco t\u00edtulos de Copa Davis y con un estilo de juego opuesto al resto de componentes de la &#8216;Armada&#8217;.<\/p>\n\n\n\n<figure class=\"wp-block-image\"><img decoding=\"async\" src=\"https:\/\/s.yimg.com\/ny\/api\/res\/1.2\/VMv.u9XnaMvQV9htDmrrLw--\/YXBwaWQ9aGlnaGxhbmRlcjt3PTk2MDtoPTY0MDtjZj13ZWJw\/https:\/\/media.zenfs.com\/es\/efe.es\/529447349042f856d2c07e0bf7f2dc84\" alt=\"\"\/><\/figure>\n\n\n\n<p class=\"wp-block-paragraph\">Erigido en el cuarto jugador de la historia con m\u00e1s saques directos con un total de 10.260, solo por detr\u00e1s del estadounidense John Isner (14.260), el croata Ivo Karlovic (13.728) y el suizo Roger Federer (11.478), se convirti\u00f3 el mi\u00e9rcoles en el cuartofinalista de mayor edad en un torneo ATP desde el norteamericano Jimmy Connors, en Halle, en 1995, con 42 a\u00f1os.<\/p>\n\n\n\n<p class=\"wp-block-paragraph\">Feliciano ya ten\u00eda asumida si despedida esta temporada. Dedicado desde hace tiempo a labores organizativas, de gesti\u00f3n, en el Masters 1000 de Madrid fue recientemente designado director de las Finales de la Copa Davis 2023.<\/p>\n\n\n\n<p class=\"wp-block-paragraph\">Sus apariciones en la pista han sido con cuentagotas este curso. Lleg\u00f3 a segunda ronda en Acapulco, su primer torneo del a\u00f1o, en febrero pasado. Gan\u00f3 al estadounidense Christopher Eubanks y perdi\u00f3 ante su compatriota Frances Tiafoe. Despu\u00e9s, se estanc\u00f3 en las primeras rondas del challenger de Murcia, superado por el italiano Matteo Arnaldi, del Conde de God\u00f3, batido por el belga David Goffin y ya en hierba, en Stuttgart, eliminado por el japon\u00e9s Yosuke Watanudki y en el primer tramo de la fase previa de Queen&#8217;s, tumbado por el franc\u00e9s Arthur Rindernech.<\/p>\n\n\n\n<p class=\"wp-block-paragraph\">En Mallorca ha logrado otras dos victorias. Con tres sumadas en el 2023 pone fin a su periplo profesional. Cuelga la raqueta Feliciano L\u00f3pez que acab\u00f3 el encuentro tratado por la fisioterapeuta del torneo con molestias en el muslo derecho.<\/p>\n\n\n\n<figure class=\"wp-block-image\"><img decoding=\"async\" src=\"https:\/\/s.yimg.com\/ny\/api\/res\/1.2\/hdUV86L92ZppmvhrfGZDfQ--\/YXBwaWQ9aGlnaGxhbmRlcjt3PTk2MDtoPTY0MDtjZj13ZWJw\/https:\/\/media.zenfs.com\/es\/efe.es\/5dd3e2dcd53096ac93993cc78fd3884d\" alt=\"\"\/><\/figure>\n\n\n\n<p class=\"wp-block-paragraph\">Avanza en Mallorca Yannick Hanfmann que jugar\u00e1 las semifinales con el vencedor del partido entre los franceses Adrian Mannarino, cuarto favorito, y Corentin Moutet. La otra semifinal la disputar\u00e1n el sudafricano Lloyd Harris que gan\u00f3 al ruso Pavel Kotov (7-5 y 6-2) y el estadounidense Christopher Eubanks que bati\u00f3 al franc\u00e9s Arthur Rinderknech por 7-6(5) y 7-6(4).<\/p>\n\n\n\n<p class=\"wp-block-paragraph\">(c) Agencia EFE<\/p>\n","protected":false},"excerpt":{"rendered":"<p>Deporte de Primera USA Con informaci\u00f3n de EFE Deportes Feliciano L\u00f3pez perdi\u00f3 este jueves ante&#8230;<\/p>\n","protected":false},"author":1,"featured_media":106145,"comment_status":"closed","ping_status":"open","sticky":false,"template":"","format":"standard","meta":{"footnotes":""},"categories":[],"tags":[],"class_list":["post-106144","post","type-post","status-publish","format-standard","has-post-thumbnail","hentry"],"_links":{"self":[{"href":"https:\/\/www.deportedeprimera.com\/index.php\/wp-json\/wp\/v2\/posts\/106144","targetHints":{"allow":["GET"]}}],"collection":[{"href":"https:\/\/www.deportedeprimera.com\/index.php\/wp-json\/wp\/v2\/posts"}],"about":[{"href":"https:\/\/www.deportedeprimera.com\/index.php\/wp-json\/wp\/v2\/types\/post"}],"author":[{"embeddable":true,"href":"https:\/\/www.deportedeprimera.com\/index.php\/wp-json\/wp\/v2\/users\/1"}],"replies":[{"embeddable":true,"href":"https:\/\/www.deportedeprimera.com\/index.php\/wp-json\/wp\/v2\/comments?post=106144"}],"version-history":[{"count":1,"href":"https:\/\/www.deportedeprimera.com\/index.php\/wp-json\/wp\/v2\/posts\/106144\/revisions"}],"predecessor-version":[{"id":106146,"href":"https:\/\/www.deportedeprimera.com\/index.php\/wp-json\/wp\/v2\/posts\/106144\/revisions\/106146"}],"wp:featuredmedia":[{"embeddable":true,"href":"https:\/\/www.deportedeprimera.com\/index.php\/wp-json\/wp\/v2\/media\/106145"}],"wp:attachment":[{"href":"https:\/\/www.deportedeprimera.com\/index.php\/wp-json\/wp\/v2\/media?parent=106144"}],"wp:term":[{"taxonomy":"category","embeddable":true,"href":"https:\/\/www.deportedeprimera.com\/index.php\/wp-json\/wp\/v2\/categories?post=106144"},{"taxonomy":"post_tag","embeddable":true,"href":"https:\/\/www.deportedeprimera.com\/index.php\/wp-json\/wp\/v2\/tags?post=106144"}],"curies":[{"name":"wp","href":"https:\/\/api.w.org\/{rel}","templated":true}]}}