{"id":106141,"date":"2023-06-29T16:38:05","date_gmt":"2023-06-29T20:38:05","guid":{"rendered":"https:\/\/deportedeprimera.com\/?p=106141"},"modified":"2023-06-29T16:38:06","modified_gmt":"2023-06-29T20:38:06","slug":"tata-martino-a-veces-se-asocia-miami-con-las-vacaciones-nosotros-queremos-competir-y-competir","status":"publish","type":"post","link":"https:\/\/www.deportedeprimera.com\/index.php\/2023\/06\/29\/tata-martino-a-veces-se-asocia-miami-con-las-vacaciones-nosotros-queremos-competir-y-competir\/","title":{"rendered":"Tata Martino: \u00aba veces se asocia Miami con las vacaciones, nosotros queremos competir y competir\u00bb"},"content":{"rendered":"\n<p class=\"wp-block-paragraph\"><strong><kbd>Deporte de Primera USA<\/kbd><\/strong> <strong><kbd>Con informaci\u00f3n de Agencias<\/kbd><\/strong><\/p>\n\n\n\n<p class=\"wp-block-paragraph\"><strong><em>El argentino Gerardo &#8216;Tata&#8217; Martino asegur\u00f3 este jueves, en su rueda de prensa de presentaci\u00f3n como nuevo entrenador del Inter\u00a0Miami, que habl\u00f3 con el argentino Lionel Messi y el espa\u00f1ol Sergio Busquets\u00a0y que todos coinciden en el desaf\u00edo de \u00abvenir a Miami a tener suceso\u00bb, y destac\u00f3 que en su mentalidad no existe \u00abel lujo de no competir\u00bb. \u00abPodemos estar en diferentes lugares, pero la forma de llevar adelante esta carrera ser\u00e1 una sola. Ayer habl\u00e9 con Sergio, y tambi\u00e9n cuando hablamos con Leo, hablamos de venir a tener suceso, a competir, a competir bien. Eso nos pasa incluso a nivel personal. A veces se asocia Miami con las vacaciones, nosotros queremos competir\u00bb, afirm\u00f3 Martino en la rueda de prensa organizada en el DVR PNK Stadium de Fort Lauderdale (EE.UU.).<\/em><\/strong><\/p>\n\n\n\n<figure class=\"wp-block-image\"><img decoding=\"async\" src=\"https:\/\/pbs.twimg.com\/media\/FzvH6MSXsAEDxwV?format=jpg&amp;name=large\" alt=\"Imagen\"\/><\/figure>\n\n\n\n<p class=\"wp-block-paragraph\">\u00abEllos vienen de campeones del mundo, campeones en la liga espa\u00f1ola, no son futbolistas que van a venir ac\u00e1 a no competir, no se van a dar ese lujo porque lo llevan en la sangre\u00bb, agreg\u00f3.<\/p>\n\n\n\n<p class=\"wp-block-paragraph\">Martino ya entren\u00f3 a Messi en el Barcelona\u00a0en el curso 2013-2014 y en la selecci\u00f3n argentina (2014-2016). Tambi\u00e9n coincidi\u00f3 con Busquets en su etapa en el Barcelona.<\/p>\n\n\n\n<p class=\"wp-block-paragraph\">El preparador argentino destac\u00f3 que las negociaciones para dirigir al Inter Miami empezaron antes de que el club cerrara los fichajes de Messi y Busquets, incorporaciones que el t\u00e9cnico defini\u00f3 como \u00abregalos\u00bb.<\/p>\n\n\n\n<p class=\"wp-block-paragraph\">\u00abYo empec\u00e9 las charlas antes de Messi y Busquets y luego se fue dando lo de Leo y de Sergio, empez\u00f3 despu\u00e9s. A m\u00ed siempre me pareci\u00f3 atractiva esta oportunidad\u00bb, dijo.<\/p>\n\n\n\n<p class=\"wp-block-paragraph\">Con Messi en el centro, un cerebro como Busquets y la experiencia del &#8216;Tata&#8217; Martino en el banquillo, el club pretende llevar su f\u00fatbol a otra galaxia y dejar atr\u00e1s un comienzo de temporada para el olvido, que le ve colista en el Este de la MLS, con siete derrotas consecutivas, una tremenda fragilidad defensiva y una delantera que promedia menos de un gol por partido.<\/p>\n\n\n\n<p class=\"wp-block-paragraph\">\u00abLa gente siempre reclama resultados inmediatos. Las circunstancias son las que son. Hoy tenemos un problema, le dije a los jugadores que ahora somos parte del problema y esperemos que pronto seamos parte de la soluci\u00f3n. Tenemos muchas expectativas. Probablemente necesitemos un tiempo\u00bb, consider\u00f3 Martino.<\/p>\n\n\n\n<figure class=\"wp-block-image\"><img decoding=\"async\" src=\"https:\/\/s.yimg.com\/ny\/api\/res\/1.2\/vnQJyo1yjo0oS.MuTxfHKw--\/YXBwaWQ9aGlnaGxhbmRlcjt3PTk2MDtoPTY0MDtjZj13ZWJw\/https:\/\/media.zenfs.com\/es\/efe.es\/5fc709f73912f2a8c7c47d2971f4a8c9\" alt=\"\"\/><\/figure>\n\n\n\n<p class=\"wp-block-paragraph\">\u00abEn 2023 hay lindos desaf\u00edos. Uno es ver si podemos llegar a &#8216;playoffs&#8217;, hoy se ve como algo lejano, pero mientras tengamos posibilidades no podemos dejar de intentarlo. La copa US Open nos ve en posici\u00f3n privilegiada (semifinales) y tambi\u00e9n hay una nueva copa (la Leagues Cup entre clubes de la MLS y de la Liga MX) que nos da gran ilusi\u00f3n\u00bb, prosigui\u00f3.<\/p>\n\n\n\n<p class=\"wp-block-paragraph\">Martino insisti\u00f3 en que le encanta la MLS, por su variedad de condiciones meteorol\u00f3gicas, por su reglamento a la hora de fichajes (con l\u00edmite salarial) y por su constante ambici\u00f3n de crecimiento.<\/p>\n\n\n\n<p class=\"wp-block-paragraph\">\u00abQue el mejor jugador del mundo (referido a Messi) decida venir a jugar a esta liga va a abrir un nuevo panorama\u00bb, opin\u00f3.<\/p>\n\n\n\n<p class=\"wp-block-paragraph\">Todav\u00eda habr\u00e1 que esperar para que Martino, Messi y Busquets puedan estrenarse, pues el club est\u00e1 ultimando el proceso para conseguir sus visados de trabajo.<\/p>\n\n\n\n<p class=\"wp-block-paragraph\">\u00abTodo se entreg\u00f3, estamos trabajando en el visado, esperemos en los pr\u00f3ximos cinco o seis d\u00edas podr\u00e1 trabajar\u00bb, dijo Chris Henderson, director deportivo del Inter Miami.<\/p>\n\n\n\n<p class=\"wp-block-paragraph\">\u00abSobre Leo, estamos trabajando con la documentaci\u00f3n, tomar\u00e1 un tiempo, pero confiamos en que a mediados o finales de julio pueda jugar, depende de la documentaci\u00f3n\u00bb, agreg\u00f3.<\/p>\n\n\n\n<p class=\"wp-block-paragraph\">Martino, de 60 a\u00f1os, ya tiene experiencia en la MLS, al haber dirigido al Atlanta United en sus primeros dos a\u00f1os en la liga y al haber conquistado la MLS Cup de 2018.<\/p>\n\n\n\n<p class=\"wp-block-paragraph\">Con Messi y Busquets en el Barcelona, Martino gan\u00f3 una Supercopa de Espa\u00f1a. El argentino perdi\u00f3 la final de la Copa del Rey contra el Real Madrid en Mestalla, cuando el gal\u00e9s Gareth Bale firm\u00f3 uno de los mejores goles de su etapa madridista, y acab\u00f3 segundo en la Liga, conquistada por el Atl\u00e9tico Madrid.<\/p>\n\n\n\n<p class=\"wp-block-paragraph\">Adem\u00e1s, el t\u00e9cnico argentino dirigi\u00f3 a Messi de 2014 a 2016 en la selecci\u00f3n Albiceleste. Lleg\u00f3 a dos finales consecutivas de la Copa Am\u00e9rica, ambas perdidas contra Chile. Su balance con Argentina termin\u00f3 con veinte victorias, cinco derrotas y cuatro empates.<\/p>\n\n\n\n<p class=\"wp-block-paragraph\">(c) Agencia EFE<\/p>\n\n\n\n<figure class=\"wp-block-image\"><img decoding=\"async\" src=\"https:\/\/pbs.twimg.com\/media\/FzvOIowXgAIQtH_?format=jpg&amp;name=4096x4096\" alt=\"Imagen\"\/><\/figure>\n","protected":false},"excerpt":{"rendered":"<p>Deporte de Primera USA Con informaci\u00f3n de Agencias El argentino Gerardo &#8216;Tata&#8217; Martino asegur\u00f3 este&#8230;<\/p>\n","protected":false},"author":1,"featured_media":106142,"comment_status":"closed","ping_status":"open","sticky":false,"template":"","format":"standard","meta":{"footnotes":""},"categories":[],"tags":[],"class_list":["post-106141","post","type-post","status-publish","format-standard","has-post-thumbnail","hentry"],"_links":{"self":[{"href":"https:\/\/www.deportedeprimera.com\/index.php\/wp-json\/wp\/v2\/posts\/106141","targetHints":{"allow":["GET"]}}],"collection":[{"href":"https:\/\/www.deportedeprimera.com\/index.php\/wp-json\/wp\/v2\/posts"}],"about":[{"href":"https:\/\/www.deportedeprimera.com\/index.php\/wp-json\/wp\/v2\/types\/post"}],"author":[{"embeddable":true,"href":"https:\/\/www.deportedeprimera.com\/index.php\/wp-json\/wp\/v2\/users\/1"}],"replies":[{"embeddable":true,"href":"https:\/\/www.deportedeprimera.com\/index.php\/wp-json\/wp\/v2\/comments?post=106141"}],"version-history":[{"count":1,"href":"https:\/\/www.deportedeprimera.com\/index.php\/wp-json\/wp\/v2\/posts\/106141\/revisions"}],"predecessor-version":[{"id":106143,"href":"https:\/\/www.deportedeprimera.com\/index.php\/wp-json\/wp\/v2\/posts\/106141\/revisions\/106143"}],"wp:featuredmedia":[{"embeddable":true,"href":"https:\/\/www.deportedeprimera.com\/index.php\/wp-json\/wp\/v2\/media\/106142"}],"wp:attachment":[{"href":"https:\/\/www.deportedeprimera.com\/index.php\/wp-json\/wp\/v2\/media?parent=106141"}],"wp:term":[{"taxonomy":"category","embeddable":true,"href":"https:\/\/www.deportedeprimera.com\/index.php\/wp-json\/wp\/v2\/categories?post=106141"},{"taxonomy":"post_tag","embeddable":true,"href":"https:\/\/www.deportedeprimera.com\/index.php\/wp-json\/wp\/v2\/tags?post=106141"}],"curies":[{"name":"wp","href":"https:\/\/api.w.org\/{rel}","templated":true}]}}