{"id":106122,"date":"2023-06-28T13:01:59","date_gmt":"2023-06-28T17:01:59","guid":{"rendered":"https:\/\/deportedeprimera.com\/?p=106122"},"modified":"2023-06-28T13:01:59","modified_gmt":"2023-06-28T17:01:59","slug":"mexico-reta-a-haiti-con-el-objetivo-de-confirmar-el-resurgimiento-con-jaime-lozano","status":"publish","type":"post","link":"https:\/\/www.deportedeprimera.com\/index.php\/2023\/06\/28\/mexico-reta-a-haiti-con-el-objetivo-de-confirmar-el-resurgimiento-con-jaime-lozano\/","title":{"rendered":"M\u00e9xico reta a Hait\u00ed con el objetivo de confirmar el resurgimiento con Jaime Lozano"},"content":{"rendered":"\n<p class=\"wp-block-paragraph\"><strong><kbd>Deporte de Primera USA<\/kbd><\/strong> <strong><kbd>Con informaci\u00f3n de EFE Deportes<\/kbd><\/strong><\/p>\n\n\n\n<p class=\"wp-block-paragraph\"><strong><em>La selecci\u00f3n mexicana de f\u00fatbol se enfrentar\u00e1 este jueves a la de Hait\u00ed\u00a0en la segunda jornada del grupo B de la Copa Oro, con la meta de confirmar el resurgimiento que ha vivido desde la designaci\u00f3n de Jaime Lozano como entrenador del equipo. Lozano, quien como seleccionador gui\u00f3 a M\u00e9xico a la conquista de la medalla ol\u00edmpica de bronce en Tokio 2020, debut\u00f3 al mando del cuadro absoluto con una goleada por 4-0 ante Honduras el pasado domingo en el arranque de la Copa Oro. Esta contundente victoria fue inesperada para los hinchas mexicanos, que no ten\u00edan grandes expectativas con su selecci\u00f3n, que viene de fracasar en el pasado Mundial de Catar 2022 y de dejar ir por segunda edici\u00f3n consecutiva el t\u00edtulo de la Liga de Naciones de la Concacaf.<\/em><\/strong><\/p>\n\n\n\n<p class=\"wp-block-paragraph\">Lozano, un joven entrenador de 44 a\u00f1os, asumi\u00f3 el banquillo en sustituci\u00f3n del argentino Diego Cocca, quien tom\u00f3 el mando de M\u00e9xico en febrero pasado, despu\u00e9s de Catar.<\/p>\n\n\n\n<p class=\"wp-block-paragraph\">Cocca apenas sum\u00f3 siete partidos en su gesti\u00f3n, con s\u00f3lo tres victorias, y desarroll\u00f3 un f\u00fatbol que apostaba por el orden defensivo, poco atractivo para unos aficionados impacientes por ver el resurgimiento de su selecci\u00f3n.<\/p>\n\n\n\n<p class=\"wp-block-paragraph\">En un partido y con menos de una semana en el cargo, Lozano saci\u00f3 la sed de sus hinchas, que con la goleada a Honduras sue\u00f1an con volver a los tiempos en los que M\u00e9xico era casi imbatible en la Concacaf.<\/p>\n\n\n\n<p class=\"wp-block-paragraph\">Derrotar a Hait\u00ed no ser\u00e1 tarea f\u00e1cil para M\u00e9xico. Los caribe\u00f1os iniciaron la Copa Oro con una victoria de 2-1 sobre Catar, que les dio el segundo lugar del grupo B, con tres puntos, los mismos que los norteamericanos, que son l\u00edderes por mejor diferencia de goles.<\/p>\n\n\n\n<p class=\"wp-block-paragraph\">Frantzdy Pierrot, delantero del Maccabi Haifa israel\u00ed, anot\u00f3 en el descuento el gol que certific\u00f3 la cuarta victoria de Hait\u00ed en las \u00faltimas tres ediciones de la Copa Oro.<\/p>\n\n\n\n<p class=\"wp-block-paragraph\">Aunque en M\u00e9xico lidera la serie hist\u00f3rica ante los haitianos, con ocho victorias y dos empates, los caribe\u00f1os, dirigidos por el espa\u00f1ol Gabriel Calder\u00f3n, le dieron un susto al Tri la \u00faltima vez que se enfrentaron en el torneo, cuando en las semifinales de 2019 exigieron hasta el \u00faltimo minuto a M\u00e9xico, que los ech\u00f3 a penas por 1-0 en tiempo extra.<\/p>\n\n\n\n<p class=\"wp-block-paragraph\">Hait\u00ed no super\u00f3 la fase de grupos en la Copa Oro pasada, pero viene de ganar su grupo de la Liga de Naciones B de la Concacaf de forma invicta con cinco partidos ganados y un empate.<\/p>\n\n\n\n<p class=\"wp-block-paragraph\">Las figuras de los haitianos son Pierrot y Duckens Nazon, delantero del CSKA-Sofia b\u00falgaro, sus goleadores hist\u00f3ricos en la Copa Oro; Nazon suma ocho tantos y Pierrot siete.<\/p>\n\n\n\n<p class=\"wp-block-paragraph\">El ganador de duelo llegar\u00eda a seis puntos y pondr\u00eda un pie en los cuartos de final de la Copa Oro.<\/p>\n\n\n\n<figure class=\"wp-block-image size-full\"><img loading=\"lazy\" decoding=\"async\" width=\"558\" height=\"680\" src=\"https:\/\/deportedeprimera.com\/wp-content\/uploads\/2023\/06\/xe9vnzqz.png\" alt=\"\" class=\"wp-image-106124\" srcset=\"https:\/\/www.deportedeprimera.com\/wp-content\/uploads\/2023\/06\/xe9vnzqz.png 558w, https:\/\/www.deportedeprimera.com\/wp-content\/uploads\/2023\/06\/xe9vnzqz-246x300.png 246w\" sizes=\"auto, (max-width: 558px) 100vw, 558px\" \/><\/figure>\n","protected":false},"excerpt":{"rendered":"<p>Deporte de Primera USA Con informaci\u00f3n de EFE Deportes La selecci\u00f3n mexicana de f\u00fatbol se&#8230;<\/p>\n","protected":false},"author":1,"featured_media":106123,"comment_status":"closed","ping_status":"open","sticky":false,"template":"","format":"standard","meta":{"footnotes":""},"categories":[],"tags":[],"class_list":["post-106122","post","type-post","status-publish","format-standard","has-post-thumbnail","hentry"],"_links":{"self":[{"href":"https:\/\/www.deportedeprimera.com\/index.php\/wp-json\/wp\/v2\/posts\/106122","targetHints":{"allow":["GET"]}}],"collection":[{"href":"https:\/\/www.deportedeprimera.com\/index.php\/wp-json\/wp\/v2\/posts"}],"about":[{"href":"https:\/\/www.deportedeprimera.com\/index.php\/wp-json\/wp\/v2\/types\/post"}],"author":[{"embeddable":true,"href":"https:\/\/www.deportedeprimera.com\/index.php\/wp-json\/wp\/v2\/users\/1"}],"replies":[{"embeddable":true,"href":"https:\/\/www.deportedeprimera.com\/index.php\/wp-json\/wp\/v2\/comments?post=106122"}],"version-history":[{"count":1,"href":"https:\/\/www.deportedeprimera.com\/index.php\/wp-json\/wp\/v2\/posts\/106122\/revisions"}],"predecessor-version":[{"id":106125,"href":"https:\/\/www.deportedeprimera.com\/index.php\/wp-json\/wp\/v2\/posts\/106122\/revisions\/106125"}],"wp:featuredmedia":[{"embeddable":true,"href":"https:\/\/www.deportedeprimera.com\/index.php\/wp-json\/wp\/v2\/media\/106123"}],"wp:attachment":[{"href":"https:\/\/www.deportedeprimera.com\/index.php\/wp-json\/wp\/v2\/media?parent=106122"}],"wp:term":[{"taxonomy":"category","embeddable":true,"href":"https:\/\/www.deportedeprimera.com\/index.php\/wp-json\/wp\/v2\/categories?post=106122"},{"taxonomy":"post_tag","embeddable":true,"href":"https:\/\/www.deportedeprimera.com\/index.php\/wp-json\/wp\/v2\/tags?post=106122"}],"curies":[{"name":"wp","href":"https:\/\/api.w.org\/{rel}","templated":true}]}}