{"id":106112,"date":"2023-06-28T12:42:21","date_gmt":"2023-06-28T16:42:21","guid":{"rendered":"https:\/\/deportedeprimera.com\/?p=106112"},"modified":"2023-06-28T12:43:14","modified_gmt":"2023-06-28T16:43:14","slug":"la-fase-clasificatoria-para-el-mundial-2026-tendra-una-ronda-de-grupos-y-unos-play-offs","status":"publish","type":"post","link":"https:\/\/www.deportedeprimera.com\/index.php\/2023\/06\/28\/la-fase-clasificatoria-para-el-mundial-2026-tendra-una-ronda-de-grupos-y-unos-play-offs\/","title":{"rendered":"La fase clasificatoria para el Mundial 2026 tendr\u00e1 una ronda de grupos y unos &#8216;play-offs&#8217;"},"content":{"rendered":"\n<p class=\"wp-block-paragraph\"><strong><kbd>Deporte de Primera USA Con informaci\u00f3n de EFE Deportes<\/kbd><\/strong><\/p>\n\n\n\n<p class=\"wp-block-paragraph\"><strong><em>La UEFA inform\u00f3 este mi\u00e9rcoles de que recomendar\u00e1 a la FIFA que utilice un formato de clasificaci\u00f3n de las 16 selecciones europeas para el Mundial de 2026 dividido en una fase de grupos y unos &#8216;play-offs&#8217;. As\u00ed lo acord\u00f3 el Comit\u00e9 Ejecutivo de la UEFA, que explica que la fase de grupos tendr\u00e1 el formato tradicional de liga con partidos a doble vuelta y se jugar\u00e1 en 12 grupos de 4 o 5 selecciones entre marzo y noviembre de 2025.<\/em><\/strong><\/p>\n\n\n\n<p class=\"wp-block-paragraph\">Los primeros de cada grupo se clasificar\u00e1n directamente al Mundial 2026, mientras que los 12 segundos participar\u00e1n en los &#8216;play-offs&#8217;, que se disputar\u00e1n en marzo de 2026 con 16 equipos.<\/p>\n\n\n\n<p class=\"wp-block-paragraph\">Adem\u00e1s, de los 12 segundos de grupo de la fase de clasificaci\u00f3n europea, se seleccionar\u00e1 a los cuatro ganadores mejor clasificados de la Liga de Naciones 2024\/2025 que no hayan terminado su grupo de los clasificatorios europeos en primero o segundo lugar.<\/p>\n\n\n\n<p class=\"wp-block-paragraph\">Los partidos de los &#8216;play-offs&#8217; se disputar\u00e1n en semifinales a partido \u00fanico, seguidos de las finales a partido \u00fanico dentro de la misma ventana de partidos internacionales.<\/p>\n\n\n\n<p class=\"wp-block-paragraph\">Los 16 equipos que participen en estas eliminatorias se dividir\u00e1n en cuatro rutas de &#8216;play-offs&#8217; de cuatro selecciones cada una.<\/p>\n\n\n\n<p class=\"wp-block-paragraph\">(c) Agencia EFE<\/p>\n","protected":false},"excerpt":{"rendered":"<p>Deporte de Primera USA Con informaci\u00f3n de EFE Deportes La UEFA inform\u00f3 este mi\u00e9rcoles de&#8230;<\/p>\n","protected":false},"author":1,"featured_media":106113,"comment_status":"closed","ping_status":"open","sticky":false,"template":"","format":"standard","meta":{"footnotes":""},"categories":[],"tags":[],"class_list":["post-106112","post","type-post","status-publish","format-standard","has-post-thumbnail","hentry"],"_links":{"self":[{"href":"https:\/\/www.deportedeprimera.com\/index.php\/wp-json\/wp\/v2\/posts\/106112","targetHints":{"allow":["GET"]}}],"collection":[{"href":"https:\/\/www.deportedeprimera.com\/index.php\/wp-json\/wp\/v2\/posts"}],"about":[{"href":"https:\/\/www.deportedeprimera.com\/index.php\/wp-json\/wp\/v2\/types\/post"}],"author":[{"embeddable":true,"href":"https:\/\/www.deportedeprimera.com\/index.php\/wp-json\/wp\/v2\/users\/1"}],"replies":[{"embeddable":true,"href":"https:\/\/www.deportedeprimera.com\/index.php\/wp-json\/wp\/v2\/comments?post=106112"}],"version-history":[{"count":2,"href":"https:\/\/www.deportedeprimera.com\/index.php\/wp-json\/wp\/v2\/posts\/106112\/revisions"}],"predecessor-version":[{"id":106115,"href":"https:\/\/www.deportedeprimera.com\/index.php\/wp-json\/wp\/v2\/posts\/106112\/revisions\/106115"}],"wp:featuredmedia":[{"embeddable":true,"href":"https:\/\/www.deportedeprimera.com\/index.php\/wp-json\/wp\/v2\/media\/106113"}],"wp:attachment":[{"href":"https:\/\/www.deportedeprimera.com\/index.php\/wp-json\/wp\/v2\/media?parent=106112"}],"wp:term":[{"taxonomy":"category","embeddable":true,"href":"https:\/\/www.deportedeprimera.com\/index.php\/wp-json\/wp\/v2\/categories?post=106112"},{"taxonomy":"post_tag","embeddable":true,"href":"https:\/\/www.deportedeprimera.com\/index.php\/wp-json\/wp\/v2\/tags?post=106112"}],"curies":[{"name":"wp","href":"https:\/\/api.w.org\/{rel}","templated":true}]}}