{"id":106100,"date":"2023-06-27T20:54:48","date_gmt":"2023-06-28T00:54:48","guid":{"rendered":"https:\/\/deportedeprimera.com\/?p=106100"},"modified":"2023-06-27T20:54:48","modified_gmt":"2023-06-28T00:54:48","slug":"hector-herrera-es-un-orgullo-poder-representar-a-houston-en-este-en-este-evento-tan-importante-en-la-mls","status":"publish","type":"post","link":"https:\/\/www.deportedeprimera.com\/index.php\/2023\/06\/27\/hector-herrera-es-un-orgullo-poder-representar-a-houston-en-este-en-este-evento-tan-importante-en-la-mls\/","title":{"rendered":"H\u00e9ctor Herrera: \u00abes un orgullo poder representar a Houston en este en este evento tan importante en la MLS\u00bb"},"content":{"rendered":"\n<p class=\"wp-block-paragraph\"><strong><kbd>Deporte de Primera USA<\/kbd><\/strong> <strong><kbd>Video: Houston Dynamo Press<\/kbd><\/strong><\/p>\n\n\n\n<p class=\"wp-block-paragraph\"><strong><em>El internacional mexicano H\u00e9ctor Herrera es el \u00fanico jugador de Houston convocado para el equipo de Las estrellas de la MLS que enfrentar\u00e1 el pr\u00f3ximo 18 de julio. En conferencia de prensa habla del tema.<\/em><\/strong><\/p>\n\n\n\n<figure class=\"wp-block-video\"><video height=\"720\" style=\"aspect-ratio: 1280 \/ 720;\" width=\"1280\" controls src=\"https:\/\/deportedeprimera.com\/wp-content\/uploads\/2023\/06\/06_27_23-Hector-Herrera-_-Media-Availability-_HLS-Video_m77642.mp4\"><\/video><\/figure>\n\n\n\n<p class=\"wp-block-paragraph\">\u00abMuchas gracias. Es un orgullo el poder estar ah\u00ed. Es parte del trabajo que se est\u00e1 haciendo aqu\u00ed en el equipo. Es verdad que voy yo del equipo nada m\u00e1s. Pero es en representaci\u00f3n del trabajo que hemos hecho todos juntos. Porque somos un equipo. Para m\u00ed, ser\u00e1 la tercera vez que vaya a estar en los en el partido. Una vez jugue en contra de ellos (MLS). Otra vez particip\u00e9 en los skills challenge. Esta vez tendr\u00e9 la oportunidad de estar en el equipo de la MLS. Y es un orgullo poder representar a Houston en este en este evento tan importante en la MLS\u00bb.<\/p>\n\n\n\n<p class=\"wp-block-paragraph\"><strong>Arsenal FC <\/strong><\/p>\n\n\n\n<p class=\"wp-block-paragraph\">\u00abCreo que en la \u00faltima temporada hicieron una buena temporada, perdieron la liga al final. Pero un equipo que juega bien a la pelota, que que va a ser din\u00e1mico, va a ser un buen par\u00e1metro para los jugadores de MLS, poder demostrar el nivel que est\u00e1n y contra un equipo que ser\u00e1 un gran rival\u00bb.<\/p>\n\n\n\n<figure class=\"wp-block-image\"><img decoding=\"async\" src=\"https:\/\/pbs.twimg.com\/media\/FtPwwBkWIAEBeeT?format=jpg&amp;name=large\" alt=\"Imagen\"\/><\/figure>\n","protected":false},"excerpt":{"rendered":"<p>Deporte de Primera USA Video: Houston Dynamo Press El internacional mexicano H\u00e9ctor Herrera es el&#8230;<\/p>\n","protected":false},"author":1,"featured_media":106102,"comment_status":"closed","ping_status":"open","sticky":false,"template":"","format":"standard","meta":{"footnotes":""},"categories":[],"tags":[],"class_list":["post-106100","post","type-post","status-publish","format-standard","has-post-thumbnail","hentry"],"_links":{"self":[{"href":"https:\/\/www.deportedeprimera.com\/index.php\/wp-json\/wp\/v2\/posts\/106100","targetHints":{"allow":["GET"]}}],"collection":[{"href":"https:\/\/www.deportedeprimera.com\/index.php\/wp-json\/wp\/v2\/posts"}],"about":[{"href":"https:\/\/www.deportedeprimera.com\/index.php\/wp-json\/wp\/v2\/types\/post"}],"author":[{"embeddable":true,"href":"https:\/\/www.deportedeprimera.com\/index.php\/wp-json\/wp\/v2\/users\/1"}],"replies":[{"embeddable":true,"href":"https:\/\/www.deportedeprimera.com\/index.php\/wp-json\/wp\/v2\/comments?post=106100"}],"version-history":[{"count":1,"href":"https:\/\/www.deportedeprimera.com\/index.php\/wp-json\/wp\/v2\/posts\/106100\/revisions"}],"predecessor-version":[{"id":106103,"href":"https:\/\/www.deportedeprimera.com\/index.php\/wp-json\/wp\/v2\/posts\/106100\/revisions\/106103"}],"wp:featuredmedia":[{"embeddable":true,"href":"https:\/\/www.deportedeprimera.com\/index.php\/wp-json\/wp\/v2\/media\/106102"}],"wp:attachment":[{"href":"https:\/\/www.deportedeprimera.com\/index.php\/wp-json\/wp\/v2\/media?parent=106100"}],"wp:term":[{"taxonomy":"category","embeddable":true,"href":"https:\/\/www.deportedeprimera.com\/index.php\/wp-json\/wp\/v2\/categories?post=106100"},{"taxonomy":"post_tag","embeddable":true,"href":"https:\/\/www.deportedeprimera.com\/index.php\/wp-json\/wp\/v2\/tags?post=106100"}],"curies":[{"name":"wp","href":"https:\/\/api.w.org\/{rel}","templated":true}]}}