{"id":106087,"date":"2023-06-26T21:09:08","date_gmt":"2023-06-27T01:09:08","guid":{"rendered":"https:\/\/deportedeprimera.com\/?p=106087"},"modified":"2023-06-26T21:10:34","modified_gmt":"2023-06-27T01:10:34","slug":"papelon-de-el-salvador-en-su-debut-martinica-lo-derrota-2-a-0","status":"publish","type":"post","link":"https:\/\/www.deportedeprimera.com\/index.php\/2023\/06\/26\/papelon-de-el-salvador-en-su-debut-martinica-lo-derrota-2-a-0\/","title":{"rendered":"Papel\u00f3n de El Salvador en su debut; Martinica lo derrota 2 a 0"},"content":{"rendered":"\n<p class=\"wp-block-paragraph\"><kbd><strong>Deporte de Primera USA<\/strong><\/kbd> <strong><kbd>Por Robbie Ruud<\/kbd><\/strong><\/p>\n\n\n\n<p class=\"wp-block-paragraph\"><strong><em>El Salvador perdi\u00f3 en su debut contra Martinica y se encienden las alarmas al seno de la Selecta. Hist\u00f3rica derrota en Florida<\/em><\/strong>.<a href=\"javascript:void(0)\"><\/a><\/p>\n\n\n\n<figure class=\"wp-block-image\"><img decoding=\"async\" src=\"https:\/\/cdn-pro.elsalvador.com\/wp-content\/uploads\/2023\/06\/el-salvador-martinica-martinique-futbol-copa-oro-2023-02.jpg\" alt=\"\"\/><figcaption>Foto: AFP<\/figcaption><\/figure>\n\n\n\n<p class=\"wp-block-paragraph\">La Selecta empez\u00f3 con un resultado adverso ante Martinica, un territorio ultramar del Caribe bajo jurisdicci\u00f3n de Francia.<\/p>\n\n\n\n<p class=\"wp-block-paragraph\">El Salvador perdi\u00f3 1-2 contra Martinica\u00a0en su segundo enfrentamiento hist\u00f3rico.<\/p>\n\n\n\n<p class=\"wp-block-paragraph\">La Selecci\u00f3n Nacional empez\u00f3 con llegadas sobre el arco de Clementia pero no pudo capitalizar en los primeros compases del juego.<\/p>\n\n\n\n<figure class=\"wp-block-image\"><img decoding=\"async\" src=\"https:\/\/cdn-pro.elsalvador.com\/wp-content\/uploads\/2023\/06\/el-salvador-martinica-martinique-futbol-copa-oro-2023-01.jpg\" alt=\"el salvador martinica martinique futbol copa oro 2023 01\" class=\"wp-image-1071313\"\/><figcaption>Foto: AFP<\/figcaption><\/figure>\n\n\n\n<p class=\"wp-block-paragraph\">Eso s\u00ed lo aprovech\u00f3 Martinica que anot\u00f3 dos goles en cinco minutos.<\/p>\n\n\n\n<p class=\"wp-block-paragraph\">Burner al 11&#8242; y Fortun\u00e9 al 16 marcaron a placer luego de dos claros errores en defensa. Una ausencia de Tamacas en su costado y una entrega err\u00e1tica de Osorio.<\/p>\n\n\n\n<p class=\"wp-block-paragraph\">En el inicio del segundo tiempo Rivierez fue expulsado en Martinica y la esperanza asom\u00f3 para la Selecta.<\/p>\n\n\n\n<p class=\"wp-block-paragraph\">Pero nada m\u00e1s lejos de la realidad. El Salvador tuvo un penal a los 82 minutos pero Clementia ataj\u00f3 el penal a Jairo Henr\u00edquez.<\/p>\n\n\n\n<p class=\"wp-block-paragraph\">El Salvador tuvo otro penal al 90+5&#8242; y Bryan Tamacas anot\u00f3 milagrosamente el gol de la honra para la Azul y Blanco. Un descuento que no sirvi\u00f3 para reaccionar. 1-2 el resultado final.<\/p>\n\n\n\n<p class=\"wp-block-paragraph\">A la Selecta se le viene Costa Rica este viernes 30 de junio. Un rev\u00e9s hist\u00f3rico. Un papel\u00f3n.<\/p>\n\n\n\n<figure class=\"wp-block-image size-large\"><img loading=\"lazy\" decoding=\"async\" width=\"1024\" height=\"688\" src=\"https:\/\/deportedeprimera.com\/wp-content\/uploads\/2023\/06\/20230626_210746-1024x688.jpg\" alt=\"\" class=\"wp-image-106089\" srcset=\"https:\/\/www.deportedeprimera.com\/wp-content\/uploads\/2023\/06\/20230626_210746-1024x688.jpg 1024w, https:\/\/www.deportedeprimera.com\/wp-content\/uploads\/2023\/06\/20230626_210746-300x201.jpg 300w, https:\/\/www.deportedeprimera.com\/wp-content\/uploads\/2023\/06\/20230626_210746-768x516.jpg 768w, https:\/\/www.deportedeprimera.com\/wp-content\/uploads\/2023\/06\/20230626_210746.jpg 1364w\" sizes=\"auto, (max-width: 1024px) 100vw, 1024px\" \/><\/figure>\n","protected":false},"excerpt":{"rendered":"<p>Deporte de Primera USA Por Robbie Ruud El Salvador perdi\u00f3 en su debut contra Martinica&#8230;<\/p>\n","protected":false},"author":1,"featured_media":106088,"comment_status":"closed","ping_status":"open","sticky":false,"template":"","format":"standard","meta":{"footnotes":""},"categories":[],"tags":[],"class_list":["post-106087","post","type-post","status-publish","format-standard","has-post-thumbnail","hentry"],"_links":{"self":[{"href":"https:\/\/www.deportedeprimera.com\/index.php\/wp-json\/wp\/v2\/posts\/106087","targetHints":{"allow":["GET"]}}],"collection":[{"href":"https:\/\/www.deportedeprimera.com\/index.php\/wp-json\/wp\/v2\/posts"}],"about":[{"href":"https:\/\/www.deportedeprimera.com\/index.php\/wp-json\/wp\/v2\/types\/post"}],"author":[{"embeddable":true,"href":"https:\/\/www.deportedeprimera.com\/index.php\/wp-json\/wp\/v2\/users\/1"}],"replies":[{"embeddable":true,"href":"https:\/\/www.deportedeprimera.com\/index.php\/wp-json\/wp\/v2\/comments?post=106087"}],"version-history":[{"count":2,"href":"https:\/\/www.deportedeprimera.com\/index.php\/wp-json\/wp\/v2\/posts\/106087\/revisions"}],"predecessor-version":[{"id":106093,"href":"https:\/\/www.deportedeprimera.com\/index.php\/wp-json\/wp\/v2\/posts\/106087\/revisions\/106093"}],"wp:featuredmedia":[{"embeddable":true,"href":"https:\/\/www.deportedeprimera.com\/index.php\/wp-json\/wp\/v2\/media\/106088"}],"wp:attachment":[{"href":"https:\/\/www.deportedeprimera.com\/index.php\/wp-json\/wp\/v2\/media?parent=106087"}],"wp:term":[{"taxonomy":"category","embeddable":true,"href":"https:\/\/www.deportedeprimera.com\/index.php\/wp-json\/wp\/v2\/categories?post=106087"},{"taxonomy":"post_tag","embeddable":true,"href":"https:\/\/www.deportedeprimera.com\/index.php\/wp-json\/wp\/v2\/tags?post=106087"}],"curies":[{"name":"wp","href":"https:\/\/api.w.org\/{rel}","templated":true}]}}