{"id":106083,"date":"2023-06-26T19:34:49","date_gmt":"2023-06-26T23:34:49","guid":{"rendered":"https:\/\/deportedeprimera.com\/?p=106083"},"modified":"2023-06-26T19:34:49","modified_gmt":"2023-06-26T23:34:49","slug":"canada-espera-el-inicio-de-la-copa-oro-2023-su-rival-sera-la-seleccion-de-guadalupe","status":"publish","type":"post","link":"https:\/\/www.deportedeprimera.com\/index.php\/2023\/06\/26\/canada-espera-el-inicio-de-la-copa-oro-2023-su-rival-sera-la-seleccion-de-guadalupe\/","title":{"rendered":"Canad\u00e1 espera el inicio de la Copa Oro 2023; su rival ser\u00e1 la Selecci\u00f3n de Guadalupe"},"content":{"rendered":"\n<p class=\"wp-block-paragraph\"><strong><kbd>Deporte de Primera USA<\/kbd><\/strong> <strong><kbd>Con informaci\u00f3n de Agencias<\/kbd><\/strong><\/p>\n\n\n\n<p class=\"wp-block-paragraph\"><strong><em>Canad\u00e1 inicia este martes su participaci\u00f3n en la Copa Oro de la Concacaf con lo que se anticipa ser\u00e1 un c\u00f3modo partido en casa contra la selecci\u00f3n del territorio franc\u00e9s de Guadalupe. Dicho pa\u00eds, que no es parte de la FIFA por ser una regi\u00f3n de ultramar de Francia y por lo tanto no ocupa ninguna posici\u00f3n en la clasificaci\u00f3n de la organizaci\u00f3n internacional del f\u00fatbol, avanz\u00f3 a la fase final de la Copa de Oro tras derrotar la semana pasada a Guyana por 2-0.<\/em><\/strong><\/p>\n\n\n\n<p class=\"wp-block-paragraph\">El partido del martes en el estadio BMO de Toronto ser\u00e1 la cuarta vez que Canad\u00e1 y Guadalupe se enfrentan en su historia. Canad\u00e1 ha ganado en dos ocasiones. Pero la selecci\u00f3n del peque\u00f1o archipi\u00e9lago sudamericano venci\u00f3 por 2-1 a la escuadra norteamericana en la Copa de Oro de 2007.- ANUNCIOS -https:\/\/s.yimg.com\/rq\/darla\/4-11-1\/html\/r-sf-flx.html<\/p>\n\n\n\n<p class=\"wp-block-paragraph\">En esta ocasi\u00f3n, Canad\u00e1 llega como claro favorito, no s\u00f3lo del partido contra Guadalupe sino tambi\u00e9n para hacerse con el primer puesto del Grupo D de la Copa de Oro en el que tambi\u00e9n est\u00e1n Cuba y Guatemala.<\/p>\n\n\n\n<p class=\"wp-block-paragraph\">Aunque perdi\u00f3 por 2-0 ante Estados Unidos en las finales de la Liga de Naciones de Concacaf, la selecci\u00f3n canadiense se encuentra en el mejor momento de su historia.<\/p>\n\n\n\n<p class=\"wp-block-paragraph\">El a\u00f1o pasado, Canad\u00e1 disput\u00f3 el Mundial de Qatar 2022, la primera vez que acced\u00eda a una copa del Mundo desde M\u00e9xico 1986. Y lo hizo tras adjudicarse el campeonato octogonal de clasificaci\u00f3n y superar a selecciones consideradas muy superiores, como las de M\u00e9xico y Estados Unidos.<\/p>\n\n\n\n<p class=\"wp-block-paragraph\">Para el partido del martes ante Guadalupe, el seleccionador John Herdman, no podr\u00e1 contar con algunos de los jugadores que catapultaron a Canad\u00e1 hacia Catar, como Alphonso Davies, Jonathan David, Cyle Larin, Alistair Johnston e Isma\u00ebl Kon\u00e9.<\/p>\n\n\n\n<p class=\"wp-block-paragraph\">Todos estos jugadores forman parte de equipos europeos y no han sido incluidos en el partido del martes para poder seguir preparando la temporada con sus clubes.<\/p>\n\n\n\n<figure class=\"wp-block-image\"><img decoding=\"async\" src=\"https:\/\/s.yimg.com\/ny\/api\/res\/1.2\/UIB6PeOyHj5Twr0Bcb9JEA--\/YXBwaWQ9aGlnaGxhbmRlcjt3PTk2MDtoPTY0NjtjZj13ZWJw\/https:\/\/media.zenfs.com\/es\/efe.es\/6193afd5ee5bae2f0ad90a0429cd0021\" alt=\"\"\/><\/figure>\n\n\n\n<p class=\"wp-block-paragraph\"><\/p>\n","protected":false},"excerpt":{"rendered":"<p>Deporte de Primera USA Con informaci\u00f3n de Agencias Canad\u00e1 inicia este martes su participaci\u00f3n en&#8230;<\/p>\n","protected":false},"author":1,"featured_media":106084,"comment_status":"closed","ping_status":"open","sticky":false,"template":"","format":"standard","meta":{"footnotes":""},"categories":[],"tags":[],"class_list":["post-106083","post","type-post","status-publish","format-standard","has-post-thumbnail","hentry"],"_links":{"self":[{"href":"https:\/\/www.deportedeprimera.com\/index.php\/wp-json\/wp\/v2\/posts\/106083","targetHints":{"allow":["GET"]}}],"collection":[{"href":"https:\/\/www.deportedeprimera.com\/index.php\/wp-json\/wp\/v2\/posts"}],"about":[{"href":"https:\/\/www.deportedeprimera.com\/index.php\/wp-json\/wp\/v2\/types\/post"}],"author":[{"embeddable":true,"href":"https:\/\/www.deportedeprimera.com\/index.php\/wp-json\/wp\/v2\/users\/1"}],"replies":[{"embeddable":true,"href":"https:\/\/www.deportedeprimera.com\/index.php\/wp-json\/wp\/v2\/comments?post=106083"}],"version-history":[{"count":1,"href":"https:\/\/www.deportedeprimera.com\/index.php\/wp-json\/wp\/v2\/posts\/106083\/revisions"}],"predecessor-version":[{"id":106085,"href":"https:\/\/www.deportedeprimera.com\/index.php\/wp-json\/wp\/v2\/posts\/106083\/revisions\/106085"}],"wp:featuredmedia":[{"embeddable":true,"href":"https:\/\/www.deportedeprimera.com\/index.php\/wp-json\/wp\/v2\/media\/106084"}],"wp:attachment":[{"href":"https:\/\/www.deportedeprimera.com\/index.php\/wp-json\/wp\/v2\/media?parent=106083"}],"wp:term":[{"taxonomy":"category","embeddable":true,"href":"https:\/\/www.deportedeprimera.com\/index.php\/wp-json\/wp\/v2\/categories?post=106083"},{"taxonomy":"post_tag","embeddable":true,"href":"https:\/\/www.deportedeprimera.com\/index.php\/wp-json\/wp\/v2\/tags?post=106083"}],"curies":[{"name":"wp","href":"https:\/\/api.w.org\/{rel}","templated":true}]}}