{"id":106080,"date":"2023-06-26T19:30:19","date_gmt":"2023-06-26T23:30:19","guid":{"rendered":"https:\/\/deportedeprimera.com\/?p=106080"},"modified":"2023-06-26T19:30:20","modified_gmt":"2023-06-26T23:30:20","slug":"todo-tiene-su-final-toronto-fc-despide-a-bob-bradley","status":"publish","type":"post","link":"https:\/\/www.deportedeprimera.com\/index.php\/2023\/06\/26\/todo-tiene-su-final-toronto-fc-despide-a-bob-bradley\/","title":{"rendered":"Todo tiene su final&#8230; Toronto FC despide a Bob Bradley"},"content":{"rendered":"\n<p class=\"wp-block-paragraph\"><strong><kbd>Deporte de Primera USA<\/kbd><\/strong> <strong><kbd>Con informaci\u00f3n de Agencias<\/kbd><\/strong><\/p>\n\n\n\n<p class=\"wp-block-paragraph\"><strong><em>El Toronto FC, equipo de la MLS, despidi\u00f3 este lunes al t\u00e9cnico Bob Bradley, todo un s\u00edmbolo del f\u00fatbol norteamericano y entrenador de la selecci\u00f3n estadounidense de 2006 a 2011, seg\u00fan inform\u00f3 el club en un comunicado. Bradley, que tiene una experiencia de m\u00e1s de cuarenta a\u00f1os entrenando, dirig\u00eda al Toronto desde 2021 tras experiencias laborables en Am\u00e9rica, con Los \u00c1ngeles FC, Chicago Fire y Chivas, entre otros, en Europa, donde entren\u00f3 al Swansea, y en \u00c1frica, donde fue seleccionador de Egipto.<\/em><\/strong><\/p>\n\n\n\n<p class=\"wp-block-paragraph\">El preparador pag\u00f3 el mal arranque de temporada del Toronto, que solo gan\u00f3 uno de sus \u00faltimos diez partidos en la MLS y es pen\u00faltimo, con 19 puntos.<\/p>\n\n\n\n<p class=\"wp-block-paragraph\">Solo el Inter Miami, pr\u00f3ximo equipo del argentino Lionel Messi y del espa\u00f1ol Sergio Busquets, suma menos puntos en el Este, con quince.<\/p>\n\n\n\n<p class=\"wp-block-paragraph\">El Toronto, que tambi\u00e9n fue eliminado de la Copa canadiense contra el Vancouver, tambi\u00e9n vivi\u00f3 momentos complicados fuera del campo, con problemas de relaci\u00f3n entre Bradley y jugadores &#8216;franquicia&#8217; del equipo como el italiano Lorenzo Insigne.<\/p>\n\n\n\n<p class=\"wp-block-paragraph\">A la espera de contratar a un nuevo entrenador, Terry Dunfield trabajar\u00e1 como t\u00e9cnico interino, inform\u00f3 el Toronto.<\/p>\n\n\n\n<p class=\"wp-block-paragraph\">(c) Agencia EFE<\/p>\n\n\n\n<figure class=\"wp-block-image\"><img decoding=\"async\" src=\"https:\/\/pbs.twimg.com\/media\/FzlPTlxXgAE2fF5?format=jpg&amp;name=360x360\" alt=\"Imagen\"\/><\/figure>\n","protected":false},"excerpt":{"rendered":"<p>Deporte de Primera USA Con informaci\u00f3n de Agencias El Toronto FC, equipo de la MLS,&#8230;<\/p>\n","protected":false},"author":1,"featured_media":106081,"comment_status":"closed","ping_status":"open","sticky":false,"template":"","format":"standard","meta":{"footnotes":""},"categories":[],"tags":[],"class_list":["post-106080","post","type-post","status-publish","format-standard","has-post-thumbnail","hentry"],"_links":{"self":[{"href":"https:\/\/www.deportedeprimera.com\/index.php\/wp-json\/wp\/v2\/posts\/106080","targetHints":{"allow":["GET"]}}],"collection":[{"href":"https:\/\/www.deportedeprimera.com\/index.php\/wp-json\/wp\/v2\/posts"}],"about":[{"href":"https:\/\/www.deportedeprimera.com\/index.php\/wp-json\/wp\/v2\/types\/post"}],"author":[{"embeddable":true,"href":"https:\/\/www.deportedeprimera.com\/index.php\/wp-json\/wp\/v2\/users\/1"}],"replies":[{"embeddable":true,"href":"https:\/\/www.deportedeprimera.com\/index.php\/wp-json\/wp\/v2\/comments?post=106080"}],"version-history":[{"count":1,"href":"https:\/\/www.deportedeprimera.com\/index.php\/wp-json\/wp\/v2\/posts\/106080\/revisions"}],"predecessor-version":[{"id":106082,"href":"https:\/\/www.deportedeprimera.com\/index.php\/wp-json\/wp\/v2\/posts\/106080\/revisions\/106082"}],"wp:featuredmedia":[{"embeddable":true,"href":"https:\/\/www.deportedeprimera.com\/index.php\/wp-json\/wp\/v2\/media\/106081"}],"wp:attachment":[{"href":"https:\/\/www.deportedeprimera.com\/index.php\/wp-json\/wp\/v2\/media?parent=106080"}],"wp:term":[{"taxonomy":"category","embeddable":true,"href":"https:\/\/www.deportedeprimera.com\/index.php\/wp-json\/wp\/v2\/categories?post=106080"},{"taxonomy":"post_tag","embeddable":true,"href":"https:\/\/www.deportedeprimera.com\/index.php\/wp-json\/wp\/v2\/tags?post=106080"}],"curies":[{"name":"wp","href":"https:\/\/api.w.org\/{rel}","templated":true}]}}