{"id":106074,"date":"2023-06-26T16:31:53","date_gmt":"2023-06-26T20:31:53","guid":{"rendered":"https:\/\/deportedeprimera.com\/?p=106074"},"modified":"2023-06-26T16:31:54","modified_gmt":"2023-06-26T20:31:54","slug":"el-comisionado-don-garber-hara-un-anuncio-especial-en-columbus-este-miercoles","status":"publish","type":"post","link":"https:\/\/www.deportedeprimera.com\/index.php\/2023\/06\/26\/el-comisionado-don-garber-hara-un-anuncio-especial-en-columbus-este-miercoles\/","title":{"rendered":"El Comisionado Don Garber har\u00e1 un anuncio especial en Columbus este mi\u00e9rcoles"},"content":{"rendered":"\n<p class=\"wp-block-paragraph\"><strong><kbd>Deporte de Primera USA<\/kbd><\/strong><\/p>\n\n\n\n<p class=\"wp-block-paragraph\"><strong><em>El comisionado de Major League Soccer, Don Garber, estar\u00e1 acompa\u00f1ado por JW Johnson de Haslam Sports Group y un socio de Columbus Crew, as\u00ed como el alcalde de Columbus, Andrew Ginther, y el gobernador de Ohio, Mike DeWine, para un anuncio especial en Lower.com Field el mi\u00e9rcoles, 28 de junio a las 11 a.m. ET.<\/em><\/strong><\/p>\n\n\n\n<figure class=\"wp-block-image is-resized\"><img loading=\"lazy\" decoding=\"async\" src=\"https:\/\/abc6onyourside.com\/resources\/media2\/16x9\/full\/1015\/center\/80\/97e1cbea-18f3-405f-b8a0-9a7ce59ec5e4-large16x9_IMG_2151.jpg\" alt=\"FILE: Lower.com Field (WSYX){&nbsp;}\" width=\"934\" height=\"525\"\/><\/figure>\n","protected":false},"excerpt":{"rendered":"<p>Deporte de Primera USA El comisionado de Major League Soccer, Don Garber, estar\u00e1 acompa\u00f1ado por&#8230;<\/p>\n","protected":false},"author":1,"featured_media":106075,"comment_status":"closed","ping_status":"open","sticky":false,"template":"","format":"standard","meta":{"footnotes":""},"categories":[],"tags":[],"class_list":["post-106074","post","type-post","status-publish","format-standard","has-post-thumbnail","hentry"],"_links":{"self":[{"href":"https:\/\/www.deportedeprimera.com\/index.php\/wp-json\/wp\/v2\/posts\/106074","targetHints":{"allow":["GET"]}}],"collection":[{"href":"https:\/\/www.deportedeprimera.com\/index.php\/wp-json\/wp\/v2\/posts"}],"about":[{"href":"https:\/\/www.deportedeprimera.com\/index.php\/wp-json\/wp\/v2\/types\/post"}],"author":[{"embeddable":true,"href":"https:\/\/www.deportedeprimera.com\/index.php\/wp-json\/wp\/v2\/users\/1"}],"replies":[{"embeddable":true,"href":"https:\/\/www.deportedeprimera.com\/index.php\/wp-json\/wp\/v2\/comments?post=106074"}],"version-history":[{"count":1,"href":"https:\/\/www.deportedeprimera.com\/index.php\/wp-json\/wp\/v2\/posts\/106074\/revisions"}],"predecessor-version":[{"id":106076,"href":"https:\/\/www.deportedeprimera.com\/index.php\/wp-json\/wp\/v2\/posts\/106074\/revisions\/106076"}],"wp:featuredmedia":[{"embeddable":true,"href":"https:\/\/www.deportedeprimera.com\/index.php\/wp-json\/wp\/v2\/media\/106075"}],"wp:attachment":[{"href":"https:\/\/www.deportedeprimera.com\/index.php\/wp-json\/wp\/v2\/media?parent=106074"}],"wp:term":[{"taxonomy":"category","embeddable":true,"href":"https:\/\/www.deportedeprimera.com\/index.php\/wp-json\/wp\/v2\/categories?post=106074"},{"taxonomy":"post_tag","embeddable":true,"href":"https:\/\/www.deportedeprimera.com\/index.php\/wp-json\/wp\/v2\/tags?post=106074"}],"curies":[{"name":"wp","href":"https:\/\/api.w.org\/{rel}","templated":true}]}}