{"id":106070,"date":"2023-06-26T16:20:30","date_gmt":"2023-06-26T20:20:30","guid":{"rendered":"https:\/\/deportedeprimera.com\/?p=106070"},"modified":"2023-06-26T16:20:31","modified_gmt":"2023-06-26T20:20:31","slug":"los-angeles-de-vela-y-tigres-de-mexico-cara-a-cara-por-la-copa-de-campeones-2023","status":"publish","type":"post","link":"https:\/\/www.deportedeprimera.com\/index.php\/2023\/06\/26\/los-angeles-de-vela-y-tigres-de-mexico-cara-a-cara-por-la-copa-de-campeones-2023\/","title":{"rendered":"Los Angeles de Vela y Tigres de M\u00e9xico; cara a cara por la Copa de Campeones 2023"},"content":{"rendered":"\n<p class=\"wp-block-paragraph\"><strong><kbd>Deporte de Primera USA<\/kbd><\/strong><\/p>\n\n\n\n<p class=\"wp-block-paragraph\"><strong><em>Con la victoria del club el domingo por la noche para convertirse en Campe\u00f3n de Campeones de la LIGA MX, Tigres representar\u00e1 a la liga mexicana y se enfrentar\u00e1 al actual campe\u00f3n de la Major League Soccer, LAFC, el mi\u00e9rcoles 27 de septiembre en el BMO Stadium en Los \u00c1ngeles para decidir qu\u00e9 liga se llevar\u00e1 el quinto t\u00edtulo de la Copa de Campeones. Tigres gan\u00f3 la Champions Cup inaugural en 2018, se convierte en el primer club en participar por segunda vez en Campeones Cup y es el \u00fanico club mexicano en haber asegurado el t\u00edtulo en la historia de Campeones Cup.<\/em><\/strong><\/p>\n\n\n\n<figure class=\"wp-block-image is-resized\"><img loading=\"lazy\" decoding=\"async\" src=\"https:\/\/pbs.twimg.com\/media\/FzggXgtaQAATB4Z?format=jpg&amp;name=medium\" alt=\"Imagen\" width=\"965\" height=\"965\"\/><\/figure>\n\n\n\n<p class=\"wp-block-paragraph\">En la quinta edici\u00f3n del enfrentamiento anual entre los campeones de la MLS y la LIGA MX, la Campeones Cup 2023 contar\u00e1 con Tigres, que derrot\u00f3 2-1 a Pachuca el domingo por la noche en Los \u00c1ngeles durante el Campe\u00f3n de Campeones, que enfrenta a los \u00faltimos campeones del Apertura y Clausura de la liga mexicana. <\/p>\n\n\n\n<p class=\"wp-block-paragraph\">Representando a la MLS est\u00e1 el actual campe\u00f3n de la Copa MLS, LAFC, que se gan\u00f3 el lugar en la Copa Campeones con una memorable victoria en la Copa MLS 2022, derrotando a Philadelphia Union en tiros desde el punto penal.<\/p>\n\n\n\n<p class=\"wp-block-paragraph\">En la historia de Campeones Cup, la MLS lidera tres victorias a una contra LIGA MX. Tigres UANL conquist\u00f3 a Toronto FC en la edici\u00f3n inaugural de 2018, Atlanta United derrot\u00f3 a Club Am\u00e9rica 3-2 en el emocionante partido de 2019 y Columbus Crew derrot\u00f3 contundentemente a Cruz Azul 2-0 en la edici\u00f3n de 2021. NYCFC luego derrot\u00f3 a Atlas 2-0 el a\u00f1o pasado para darle a la MLS su tercera victoria consecutiva.<\/p>\n\n\n\n<figure class=\"wp-block-image size-large\"><img loading=\"lazy\" decoding=\"async\" width=\"1024\" height=\"936\" src=\"https:\/\/deportedeprimera.com\/wp-content\/uploads\/2023\/06\/widls67i-1024x936.png\" alt=\"\" class=\"wp-image-106072\" srcset=\"https:\/\/www.deportedeprimera.com\/wp-content\/uploads\/2023\/06\/widls67i-1024x936.png 1024w, https:\/\/www.deportedeprimera.com\/wp-content\/uploads\/2023\/06\/widls67i-300x274.png 300w, https:\/\/www.deportedeprimera.com\/wp-content\/uploads\/2023\/06\/widls67i-768x702.png 768w, https:\/\/www.deportedeprimera.com\/wp-content\/uploads\/2023\/06\/widls67i.png 1056w\" sizes=\"auto, (max-width: 1024px) 100vw, 1024px\" \/><\/figure>\n\n\n\n<p class=\"wp-block-paragraph\">Campeones Cup, junto con Leagues Cup, son parte de una asociaci\u00f3n m\u00e1s amplia entre las dos ligas de f\u00fatbol m\u00e1s importantes de Am\u00e9rica del Norte, la MLS y la LIGA MX, lanzada en 2018. <\/p>\n\n\n\n<p class=\"wp-block-paragraph\">La asociaci\u00f3n tiene sus ra\u00edces no solo en la rivalidad en el campo, dise\u00f1ada para fortalecer el deporte en la regi\u00f3n, sino por un verdadero esp\u00edritu de colaboraci\u00f3n fuera de \u00e9l, con un enfoque en compartir las mejores pr\u00e1cticas y en ser una fuerza de cambio positivo en las comunidades locales de ambas ligas. <\/p>\n\n\n\n<p class=\"wp-block-paragraph\">Leagues Cup debutar\u00e1 este verano del 21 de julio al 19 de agosto. Como parte de su compromiso de apoyar un cambio positivo en las comunidades locales, los clubes y ligas participantes unir\u00e1n fuerzas para llevar a cabo varias iniciativas de servicio comunitario que conduzcan a Campeones Cup. <\/p>\n\n\n\n<figure class=\"wp-block-image\"><img decoding=\"async\" src=\"https:\/\/pbs.twimg.com\/media\/Fzgc1QQWAAA2z7z?format=jpg&amp;name=large\" alt=\"Imagen\"\/><\/figure>\n\n\n\n<p class=\"wp-block-paragraph\"><\/p>\n","protected":false},"excerpt":{"rendered":"<p>Deporte de Primera USA Con la victoria del club el domingo por la noche para&#8230;<\/p>\n","protected":false},"author":1,"featured_media":106071,"comment_status":"closed","ping_status":"open","sticky":false,"template":"","format":"standard","meta":{"footnotes":""},"categories":[],"tags":[],"class_list":["post-106070","post","type-post","status-publish","format-standard","has-post-thumbnail","hentry"],"_links":{"self":[{"href":"https:\/\/www.deportedeprimera.com\/index.php\/wp-json\/wp\/v2\/posts\/106070","targetHints":{"allow":["GET"]}}],"collection":[{"href":"https:\/\/www.deportedeprimera.com\/index.php\/wp-json\/wp\/v2\/posts"}],"about":[{"href":"https:\/\/www.deportedeprimera.com\/index.php\/wp-json\/wp\/v2\/types\/post"}],"author":[{"embeddable":true,"href":"https:\/\/www.deportedeprimera.com\/index.php\/wp-json\/wp\/v2\/users\/1"}],"replies":[{"embeddable":true,"href":"https:\/\/www.deportedeprimera.com\/index.php\/wp-json\/wp\/v2\/comments?post=106070"}],"version-history":[{"count":1,"href":"https:\/\/www.deportedeprimera.com\/index.php\/wp-json\/wp\/v2\/posts\/106070\/revisions"}],"predecessor-version":[{"id":106073,"href":"https:\/\/www.deportedeprimera.com\/index.php\/wp-json\/wp\/v2\/posts\/106070\/revisions\/106073"}],"wp:featuredmedia":[{"embeddable":true,"href":"https:\/\/www.deportedeprimera.com\/index.php\/wp-json\/wp\/v2\/media\/106071"}],"wp:attachment":[{"href":"https:\/\/www.deportedeprimera.com\/index.php\/wp-json\/wp\/v2\/media?parent=106070"}],"wp:term":[{"taxonomy":"category","embeddable":true,"href":"https:\/\/www.deportedeprimera.com\/index.php\/wp-json\/wp\/v2\/categories?post=106070"},{"taxonomy":"post_tag","embeddable":true,"href":"https:\/\/www.deportedeprimera.com\/index.php\/wp-json\/wp\/v2\/tags?post=106070"}],"curies":[{"name":"wp","href":"https:\/\/api.w.org\/{rel}","templated":true}]}}