{"id":106065,"date":"2023-06-26T15:18:06","date_gmt":"2023-06-26T19:18:06","guid":{"rendered":"https:\/\/deportedeprimera.com\/?p=106065"},"modified":"2023-06-26T15:18:07","modified_gmt":"2023-06-26T19:18:07","slug":"alcaraz-con-su-victoria-en-queens-regresa-al-numero-1","status":"publish","type":"post","link":"https:\/\/www.deportedeprimera.com\/index.php\/2023\/06\/26\/alcaraz-con-su-victoria-en-queens-regresa-al-numero-1\/","title":{"rendered":"Alcaraz con su victoria en Queen&#8217;s regresa al n\u00famero 1"},"content":{"rendered":"\n<p class=\"wp-block-paragraph\"><strong><kbd>Deporte de Primera USA<\/kbd><\/strong> <strong><kbd>Con informaci\u00f3n de EFE Deportes<\/kbd><\/strong><\/p>\n\n\n\n<p class=\"wp-block-paragraph\"><strong><em>El espa\u00f1ol Carlos Alcaraz con su victoria londinense en Queen&#8217;s regresa al n\u00famero 1 de la lista mundial, con el serbio Novak Djokovic en segunda posici\u00f3n y Daniil Medvedev en tercera, ya a mucha distancia de los dos primeros. Los 500 puntos obtenidos por el murciano por la victoria y el descanso de Djokovic esta semana, determinan el cambio de liderato con 7.675 para el nuevo n\u00famero 1 y 7.595 para el balc\u00e1nico. Medvedev se queda lejos con 5.890.<\/em><\/strong><\/p>\n\n\n\n<p class=\"wp-block-paragraph\">En el top10 solo hay otro cambio, el que se produce entre el italiano Jannik Sinner, que gana un puesto y es octavo, en detrimento del estadounidense Taylor Fritz.<\/p>\n\n\n\n<p class=\"wp-block-paragraph\">Uno de los mayores ascensos de la semana lo protagoniza el vencedor del torneo de Halle, el kazajo Alexander Bublik que consigui\u00f3 el segundo t\u00edtulo de su palmar\u00e9s y, de paso, su mejor r\u00e1nking hist\u00f3rico, ya que sube 22 posiciones hasta el puesto 26.<\/p>\n\n\n\n<p class=\"wp-block-paragraph\">Tras Alcaraz el resto de espa\u00f1oles entre los cien primeros son Pablo Carre\u00f1o (20), Roberto Bautista (23), Alejandro Davidovich (34), Bernab\u00e9 Zapata (50), Roberto Carball\u00e9s (53) y Albert Ramos (72).<\/p>\n\n\n\n<p class=\"wp-block-paragraph\">Por lo que a los iberoamericanos se refiere, ente los cien mejores est\u00e1n Francisco Cerundolo (ARG, 19), Nicol\u00e1s Jarry (CHI, 28), Tom\u00e1s M. Etcheverry (ARG, 32), Sebasti\u00e1n B\u00e1ez (ARG, 44), Pedro Cach\u00edn (ARG, 67), Nuno Borges (POR, 68), Daniel Elahi Gal\u00e1n (COL,84), Thiago Monteiro (BRA,96) y Diego Schwartzman (ARG,98).<\/p>\n\n\n\n<p class=\"wp-block-paragraph\">(c) Agencia EFE<\/p>\n\n\n\n<figure class=\"wp-block-video\"><video height=\"720\" style=\"aspect-ratio: 720 \/ 720;\" width=\"720\" controls src=\"https:\/\/deportedeprimera.com\/wp-content\/uploads\/2023\/06\/ssstwitter.com_1687807061618-1.mp4\"><\/video><\/figure>\n","protected":false},"excerpt":{"rendered":"<p>Deporte de Primera USA Con informaci\u00f3n de EFE Deportes El espa\u00f1ol Carlos Alcaraz con su&#8230;<\/p>\n","protected":false},"author":1,"featured_media":106067,"comment_status":"closed","ping_status":"open","sticky":false,"template":"","format":"standard","meta":{"footnotes":""},"categories":[],"tags":[],"class_list":["post-106065","post","type-post","status-publish","format-standard","has-post-thumbnail","hentry"],"_links":{"self":[{"href":"https:\/\/www.deportedeprimera.com\/index.php\/wp-json\/wp\/v2\/posts\/106065","targetHints":{"allow":["GET"]}}],"collection":[{"href":"https:\/\/www.deportedeprimera.com\/index.php\/wp-json\/wp\/v2\/posts"}],"about":[{"href":"https:\/\/www.deportedeprimera.com\/index.php\/wp-json\/wp\/v2\/types\/post"}],"author":[{"embeddable":true,"href":"https:\/\/www.deportedeprimera.com\/index.php\/wp-json\/wp\/v2\/users\/1"}],"replies":[{"embeddable":true,"href":"https:\/\/www.deportedeprimera.com\/index.php\/wp-json\/wp\/v2\/comments?post=106065"}],"version-history":[{"count":1,"href":"https:\/\/www.deportedeprimera.com\/index.php\/wp-json\/wp\/v2\/posts\/106065\/revisions"}],"predecessor-version":[{"id":106069,"href":"https:\/\/www.deportedeprimera.com\/index.php\/wp-json\/wp\/v2\/posts\/106065\/revisions\/106069"}],"wp:featuredmedia":[{"embeddable":true,"href":"https:\/\/www.deportedeprimera.com\/index.php\/wp-json\/wp\/v2\/media\/106067"}],"wp:attachment":[{"href":"https:\/\/www.deportedeprimera.com\/index.php\/wp-json\/wp\/v2\/media?parent=106065"}],"wp:term":[{"taxonomy":"category","embeddable":true,"href":"https:\/\/www.deportedeprimera.com\/index.php\/wp-json\/wp\/v2\/categories?post=106065"},{"taxonomy":"post_tag","embeddable":true,"href":"https:\/\/www.deportedeprimera.com\/index.php\/wp-json\/wp\/v2\/tags?post=106065"}],"curies":[{"name":"wp","href":"https:\/\/api.w.org\/{rel}","templated":true}]}}