{"id":106062,"date":"2023-06-26T14:48:12","date_gmt":"2023-06-26T18:48:12","guid":{"rendered":"https:\/\/deportedeprimera.com\/?p=106062"},"modified":"2023-06-26T14:48:13","modified_gmt":"2023-06-26T18:48:13","slug":"guatemala-y-cuba-debutan-en-la-copa-oro-buscando-gol-buenas-sensaciones-y-una-victoria","status":"publish","type":"post","link":"https:\/\/www.deportedeprimera.com\/index.php\/2023\/06\/26\/guatemala-y-cuba-debutan-en-la-copa-oro-buscando-gol-buenas-sensaciones-y-una-victoria\/","title":{"rendered":"Guatemala y Cuba debutan en la Copa Oro buscando gol, buenas sensaciones y una victoria"},"content":{"rendered":"\n<p class=\"wp-block-paragraph\"><strong><kbd>Deporte de Primera USA<\/kbd><\/strong> <strong><kbd>Con informaci\u00f3n de EFE Deportes<\/kbd><\/strong><\/p>\n\n\n\n<p class=\"wp-block-paragraph\"><strong><em>Guatemala y Cuba se miden este martes en su debut en el grupo D de la Copa Oro de la Concacaf 2023, dos equipos en busca de gol, buenas sensaciones y, si es posible, victorias. El encuentro est\u00e1 programado en el estadio Lockhart de Fort Lauderdale, en el sureste de Estados Unidos, a las 20.45 hora local (02.45 GTM del mi\u00e9rcoles). La selecci\u00f3n guatemalteca, que dirige el entrenador mexicano Luis Fernando Tena, conf\u00eda en que el trabajo realizado con sus jugadores rinda resultados y debutar con una victoria ante Cuba.<\/em><\/strong><\/p>\n\n\n\n<p class=\"wp-block-paragraph\">El defensor guatemalteco Aaron Herrera, quien milita en el Impact Montreal, apunt\u00f3 en declaraciones a los medios los objetivos del combinado: \u201cEstamos emocionados de jugar en Estados Unidos con el p\u00fablico guatemalteco y tenemos que caminar en la direcci\u00f3n correcta para ganar los partidos\u201d.<\/p>\n\n\n\n<p class=\"wp-block-paragraph\">El seleccionador cubano, Pablo Elier S\u00e1nchez, asegur\u00f3 que llegan a la Copa Oro \u00abcon mucha m\u00e1s confianza\u00bb tras los recientes amistosos de la fecha FIFA contra Chile y&nbsp;<a href=\"https:\/\/sports.yahoo.com\/soccer\/teams\/uruguay\/\">Uruguay<\/a>, donde cosecharon sendas derrotas pero cohesionaron el equipo y probaron estrategias. \u201cEstamos listos\u201d, agreg\u00f3.<\/p>\n\n\n\n<p class=\"wp-block-paragraph\">El centrocampista Neysser Sand\u00f3, destac\u00f3 que estos dos partidos previos les sirvieron para entenderse mejor como equipo en la cancha. \u00abEsperamos, luego de esto, tener una buena actuaci\u00f3n en Copa Oro\u201d, afirm\u00f3.<\/p>\n\n\n\n<p class=\"wp-block-paragraph\">Guatemala cuenta con importantes baluartes en su defensa, como el guardameta Nicholas Hagen, que milita en el Ham Kam noruego y el central Gerardo Gordillo del Juventude de la segunda divisi\u00f3n brasile\u00f1a.<\/p>\n\n\n\n<p class=\"wp-block-paragraph\">Adem\u00e1s, el cuadrado de Tena ser\u00e1 reforzado en esta Copa Oro por el extremo ofensivo Nathanael M\u00e9ndez-Laing, quien milita en el Derby County de la tercera divisi\u00f3n inglesa.<\/p>\n\n\n\n<p class=\"wp-block-paragraph\">La convocatoria de Cuba, por su parte, apenas present\u00f3 cambios con respecto a la del amistoso contra Uruguay de la semana pasada, en la que cay\u00f3 derrotada por 2-0 pese a dejar un buen sabor de boca entre aficionados y comentaristas locales.<\/p>\n\n\n\n<p class=\"wp-block-paragraph\">El equipo caribe\u00f1o convoc\u00f3 a los porteros Raico Arozarena, Sandy S\u00e1nchez y Nelson Jonhston; y para la l\u00ednea defensiva llam\u00f3 a Yosel Piedra, Modesto M\u00e9ndez, Carlos V\u00e1zquez, Yunior Yuri P\u00e9rez, Jorge Luis Corrales, Dariel Morej\u00f3n, Mario Pe\u00f1alver y Jassael Herrera.<\/p>\n\n\n\n<p class=\"wp-block-paragraph\">En el medio campo dispondr\u00e1 der Neysser Sand\u00f3, Eduardo Hern\u00e1ndez, Aricheell Hern\u00e1ndez, Romario Torres, Carlos Denilson Milan\u00e9s, Roberney Caballero, Luis Javier Paradela y William Pozo.<\/p>\n\n\n\n<p class=\"wp-block-paragraph\">La delantera frente a Guatemala saldr\u00e1 de entre Maykel Reyes, Daniel D\u00edaz, Yasnier Matos y Aldair Ruiz.<\/p>\n\n\n\n<p class=\"wp-block-paragraph\">(c) Agencia EFE<\/p>\n","protected":false},"excerpt":{"rendered":"<p>Deporte de Primera USA Con informaci\u00f3n de EFE Deportes Guatemala y Cuba se miden este&#8230;<\/p>\n","protected":false},"author":1,"featured_media":106063,"comment_status":"closed","ping_status":"open","sticky":false,"template":"","format":"standard","meta":{"footnotes":""},"categories":[],"tags":[],"class_list":["post-106062","post","type-post","status-publish","format-standard","has-post-thumbnail","hentry"],"_links":{"self":[{"href":"https:\/\/www.deportedeprimera.com\/index.php\/wp-json\/wp\/v2\/posts\/106062","targetHints":{"allow":["GET"]}}],"collection":[{"href":"https:\/\/www.deportedeprimera.com\/index.php\/wp-json\/wp\/v2\/posts"}],"about":[{"href":"https:\/\/www.deportedeprimera.com\/index.php\/wp-json\/wp\/v2\/types\/post"}],"author":[{"embeddable":true,"href":"https:\/\/www.deportedeprimera.com\/index.php\/wp-json\/wp\/v2\/users\/1"}],"replies":[{"embeddable":true,"href":"https:\/\/www.deportedeprimera.com\/index.php\/wp-json\/wp\/v2\/comments?post=106062"}],"version-history":[{"count":1,"href":"https:\/\/www.deportedeprimera.com\/index.php\/wp-json\/wp\/v2\/posts\/106062\/revisions"}],"predecessor-version":[{"id":106064,"href":"https:\/\/www.deportedeprimera.com\/index.php\/wp-json\/wp\/v2\/posts\/106062\/revisions\/106064"}],"wp:featuredmedia":[{"embeddable":true,"href":"https:\/\/www.deportedeprimera.com\/index.php\/wp-json\/wp\/v2\/media\/106063"}],"wp:attachment":[{"href":"https:\/\/www.deportedeprimera.com\/index.php\/wp-json\/wp\/v2\/media?parent=106062"}],"wp:term":[{"taxonomy":"category","embeddable":true,"href":"https:\/\/www.deportedeprimera.com\/index.php\/wp-json\/wp\/v2\/categories?post=106062"},{"taxonomy":"post_tag","embeddable":true,"href":"https:\/\/www.deportedeprimera.com\/index.php\/wp-json\/wp\/v2\/tags?post=106062"}],"curies":[{"name":"wp","href":"https:\/\/api.w.org\/{rel}","templated":true}]}}