{"id":106051,"date":"2023-06-25T20:33:56","date_gmt":"2023-06-26T00:33:56","guid":{"rendered":"https:\/\/deportedeprimera.com\/?p=106051"},"modified":"2023-06-25T20:33:57","modified_gmt":"2023-06-26T00:33:57","slug":"ee-uu-y-jamaica-igualaron-1-1-en-el-inicio-de-la-copa-oro","status":"publish","type":"post","link":"https:\/\/www.deportedeprimera.com\/index.php\/2023\/06\/25\/ee-uu-y-jamaica-igualaron-1-1-en-el-inicio-de-la-copa-oro\/","title":{"rendered":"EE.UU. y Jamaica, igualaron 1-1 en el inicio de la Copa Oro"},"content":{"rendered":"\n<p class=\"wp-block-paragraph\"><strong><kbd>Deporte de Primera USA<\/kbd><\/strong><\/p>\n\n\n\n<p class=\"wp-block-paragraph\"><strong><em>Con un gol salvador de Brandon V\u00e1zquez, Estados Unidos empat\u00f3 1-1 ante Jamaica en el partido inaugural de la Copa Oro-2023 de la Concacaf en Chicago (Illinois).<\/em><\/strong><br><\/p>\n\n\n\n<figure class=\"wp-block-video\"><video height=\"360\" style=\"aspect-ratio: 640 \/ 360;\" width=\"640\" autoplay controls src=\"https:\/\/deportedeprimera.com\/wp-content\/uploads\/2023\/06\/ssstwitter.com_1687739542703.mp4\"><\/video><\/figure>\n\n\n\n<p class=\"wp-block-paragraph\">El defensa Damion Lowe avanz\u00f3 a Jamaica en el minuto 13 y el mexicano-estadounidense Brandon V\u00e1zquez igual\u00f3 en el 88 en el estadio Soldier Field.<\/p>\n\n\n\n<p class=\"wp-block-paragraph\">Estados Unidos, que intentar\u00e1 defender la corona de 2021 pese a la ausencia de sus figuras, solo pudo rescatar un punto ante una Jamaica que tuvo la oportunidad de aumentar su ventaja en la primera parte en un penal atajado por el portero local, Matt Turner.<\/p>\n\n\n\n<figure class=\"wp-block-image\"><img decoding=\"async\" src=\"https:\/\/s.yimg.com\/ny\/api\/res\/1.2\/BAjbYYBKLCVmjOzKJNUvxA--\/YXBwaWQ9aGlnaGxhbmRlcjt3PTk2MDtoPTYzOTtjZj13ZWJw\/https:\/\/media.zenfs.com\/es\/es.afp.com\/2b36a44ddfed3a7858767d2012808e16\" alt=\"El estadounidense Aaron Long (centro) remata de cabeza en el \u00e1rea de <a class=&quot;link &quot; href=&quot;https:\/\/sports.yahoo.com\/soccer\/teams\/jamaica\/&quot; data-i13n=&quot;sec:content-canvas;subsec:anchor_text;elm:context_link&quot; data-ylk=&quot;slk:Jamaica;sec:content-canvas;subsec:anchor_text;elm:context_link;itc:0&quot;&gt;Jamaica<\/a&gt; en el partido inaugural de la Copa Oro de 2023. (KAMIL KRZACZYNSKI)\"\/><\/figure>\n","protected":false},"excerpt":{"rendered":"<p>Deporte de Primera USA Con un gol salvador de Brandon V\u00e1zquez, Estados Unidos empat\u00f3 1-1&#8230;<\/p>\n","protected":false},"author":1,"featured_media":106053,"comment_status":"closed","ping_status":"open","sticky":false,"template":"","format":"standard","meta":{"footnotes":""},"categories":[],"tags":[],"class_list":["post-106051","post","type-post","status-publish","format-standard","has-post-thumbnail","hentry"],"_links":{"self":[{"href":"https:\/\/www.deportedeprimera.com\/index.php\/wp-json\/wp\/v2\/posts\/106051","targetHints":{"allow":["GET"]}}],"collection":[{"href":"https:\/\/www.deportedeprimera.com\/index.php\/wp-json\/wp\/v2\/posts"}],"about":[{"href":"https:\/\/www.deportedeprimera.com\/index.php\/wp-json\/wp\/v2\/types\/post"}],"author":[{"embeddable":true,"href":"https:\/\/www.deportedeprimera.com\/index.php\/wp-json\/wp\/v2\/users\/1"}],"replies":[{"embeddable":true,"href":"https:\/\/www.deportedeprimera.com\/index.php\/wp-json\/wp\/v2\/comments?post=106051"}],"version-history":[{"count":1,"href":"https:\/\/www.deportedeprimera.com\/index.php\/wp-json\/wp\/v2\/posts\/106051\/revisions"}],"predecessor-version":[{"id":106054,"href":"https:\/\/www.deportedeprimera.com\/index.php\/wp-json\/wp\/v2\/posts\/106051\/revisions\/106054"}],"wp:featuredmedia":[{"embeddable":true,"href":"https:\/\/www.deportedeprimera.com\/index.php\/wp-json\/wp\/v2\/media\/106053"}],"wp:attachment":[{"href":"https:\/\/www.deportedeprimera.com\/index.php\/wp-json\/wp\/v2\/media?parent=106051"}],"wp:term":[{"taxonomy":"category","embeddable":true,"href":"https:\/\/www.deportedeprimera.com\/index.php\/wp-json\/wp\/v2\/categories?post=106051"},{"taxonomy":"post_tag","embeddable":true,"href":"https:\/\/www.deportedeprimera.com\/index.php\/wp-json\/wp\/v2\/tags?post=106051"}],"curies":[{"name":"wp","href":"https:\/\/api.w.org\/{rel}","templated":true}]}}