{"id":106026,"date":"2023-06-25T14:41:09","date_gmt":"2023-06-25T18:41:09","guid":{"rendered":"https:\/\/deportedeprimera.com\/?p=106026"},"modified":"2023-06-25T14:41:10","modified_gmt":"2023-06-25T18:41:10","slug":"petra-kvitova-gana-en-berlin-y-apunta-a-wimbledon","status":"publish","type":"post","link":"https:\/\/www.deportedeprimera.com\/index.php\/2023\/06\/25\/petra-kvitova-gana-en-berlin-y-apunta-a-wimbledon\/","title":{"rendered":"Petra Kvitova gana en Berl\u00edn y apunta a Wimbledon"},"content":{"rendered":"\n<p class=\"wp-block-paragraph\"><strong><kbd>Deporte de Primera USA<\/kbd><\/strong> <strong><kbd>Con informaci\u00f3n de EFE Deportes<\/kbd><\/strong><\/p>\n\n\n\n<p class=\"wp-block-paragraph\"><strong><em>La checa Petra Kvitova logr\u00f3 en Berl\u00edn el trig\u00e9simo primer t\u00edtulo de su carrera al vencer en la final a la croata Donna Vekic, por 6-2 y 7-6(6), y se postula como aspirante al \u00e9xito en Wimbledon, el Grand Slam sobre hierba que ya ha conquistado en dos ocasiones. A sus 33 a\u00f1os la zurda jugadora de Bilovec mantiene la voracidad que le ha caracterizado a lo largo de su carrera. Otrora n\u00famero dos del mundo sigue instalada entre las diez mejores del circuito. Es la novena del r\u00e1nking femenino Petra Kvitova que tard\u00f3 cien minutos en derribar por quinta vez en seis enfrentamientos a la jugadora balc\u00e1nica.<\/em><\/strong><\/p>\n\n\n\n<figure class=\"wp-block-image\"><img decoding=\"async\" src=\"https:\/\/s.yimg.com\/ny\/api\/res\/1.2\/oYSkAAAjdjcu5_bt_GatQQ--\/YXBwaWQ9aGlnaGxhbmRlcjt3PTk2MDtoPTY2MztjZj13ZWJw\/https:\/\/media.zenfs.com\/es\/efe.es\/cda309343785ee0b80037b39e15ad278\" alt=\"\"\/><\/figure>\n\n\n\n<p class=\"wp-block-paragraph\">La checa acab\u00f3 con la buen racha de su rival, a la que este 2023 ya hab\u00eda superado en el torneo de Miami y a la que tambi\u00e9n lleg\u00f3 a batir en hierba, en Eastbourne, en el 2022. Siete victorias llevaba Vekic, vig\u00e9sima tercera del r\u00e1nking WTA que mejor\u00f3 en el segundo set y que estuvo a punto de alargar a la manga definitiva la final de Berl\u00edn.- ANUNCIOS -https:\/\/s.yimg.com\/rq\/darla\/4-11-1\/html\/r-sf-flx.html<\/p>\n\n\n\n<p class=\"wp-block-paragraph\">No le dio opci\u00f3n Kvitova, m\u00e1s certera en el &#8216;tie break&#8217; que complet\u00f3 su estreno de la temporada en un torneo sobre pasto con el t\u00edtulo en las manos. Apunta a Wimbledon la checa que ya triunf\u00f3 en Londres en el 2014 y 2011 y que en Berl\u00edn se llev\u00f3 el segundo \u00e9xito de la temporada despu\u00e9s del obtenido en Miami.<\/p>\n\n\n\n<p class=\"wp-block-paragraph\">(c) Agencia EFE<\/p>\n\n\n\n<figure class=\"wp-block-image\"><img decoding=\"async\" src=\"https:\/\/pbs.twimg.com\/media\/Fze3oFvagAMuzs7?format=jpg&amp;name=medium\" alt=\"Imagen\"\/><\/figure>\n","protected":false},"excerpt":{"rendered":"<p>Deporte de Primera USA Con informaci\u00f3n de EFE Deportes La checa Petra Kvitova logr\u00f3 en&#8230;<\/p>\n","protected":false},"author":1,"featured_media":106027,"comment_status":"closed","ping_status":"open","sticky":false,"template":"","format":"standard","meta":{"footnotes":""},"categories":[],"tags":[],"class_list":["post-106026","post","type-post","status-publish","format-standard","has-post-thumbnail","hentry"],"_links":{"self":[{"href":"https:\/\/www.deportedeprimera.com\/index.php\/wp-json\/wp\/v2\/posts\/106026","targetHints":{"allow":["GET"]}}],"collection":[{"href":"https:\/\/www.deportedeprimera.com\/index.php\/wp-json\/wp\/v2\/posts"}],"about":[{"href":"https:\/\/www.deportedeprimera.com\/index.php\/wp-json\/wp\/v2\/types\/post"}],"author":[{"embeddable":true,"href":"https:\/\/www.deportedeprimera.com\/index.php\/wp-json\/wp\/v2\/users\/1"}],"replies":[{"embeddable":true,"href":"https:\/\/www.deportedeprimera.com\/index.php\/wp-json\/wp\/v2\/comments?post=106026"}],"version-history":[{"count":1,"href":"https:\/\/www.deportedeprimera.com\/index.php\/wp-json\/wp\/v2\/posts\/106026\/revisions"}],"predecessor-version":[{"id":106028,"href":"https:\/\/www.deportedeprimera.com\/index.php\/wp-json\/wp\/v2\/posts\/106026\/revisions\/106028"}],"wp:featuredmedia":[{"embeddable":true,"href":"https:\/\/www.deportedeprimera.com\/index.php\/wp-json\/wp\/v2\/media\/106027"}],"wp:attachment":[{"href":"https:\/\/www.deportedeprimera.com\/index.php\/wp-json\/wp\/v2\/media?parent=106026"}],"wp:term":[{"taxonomy":"category","embeddable":true,"href":"https:\/\/www.deportedeprimera.com\/index.php\/wp-json\/wp\/v2\/categories?post=106026"},{"taxonomy":"post_tag","embeddable":true,"href":"https:\/\/www.deportedeprimera.com\/index.php\/wp-json\/wp\/v2\/tags?post=106026"}],"curies":[{"name":"wp","href":"https:\/\/api.w.org\/{rel}","templated":true}]}}