{"id":106021,"date":"2023-06-25T14:28:05","date_gmt":"2023-06-25T18:28:05","guid":{"rendered":"https:\/\/deportedeprimera.com\/?p=106021"},"modified":"2023-06-25T14:28:06","modified_gmt":"2023-06-25T18:28:06","slug":"el-espanol-carlos-alcaraz-doma-la-hierba-de-queens","status":"publish","type":"post","link":"https:\/\/www.deportedeprimera.com\/index.php\/2023\/06\/25\/el-espanol-carlos-alcaraz-doma-la-hierba-de-queens\/","title":{"rendered":"El espa\u00f1ol Carlos Alcaraz doma la hierba de Queen&#8217;s"},"content":{"rendered":"\n<p class=\"wp-block-paragraph\"><strong><kbd>Deporte de Primera USA<\/kbd><\/strong> <strong><kbd>Con informaci\u00f3n de EFE Deportes<\/kbd><\/strong><\/p>\n\n\n\n<p class=\"wp-block-paragraph\"><strong><em>Ni Rafael Nadal, ni Roger Federer, ni Novak Djokovic lograron un t\u00edtulo en hierba con la precocidad de Carlos Alcaraz. Nadie pod\u00eda presagiar la velocidad con la que el murciano iba a convertirse en un especialista de la superficie, pero este chico de Murcia, que derrot\u00f3 en la final de Queen&#8217;s a Alex de Mi\u00f1aur (6-4 y 6-4), es un maestro de todo lo que toca. Con quiz\u00e1s algo m\u00e1s de nervios que en jornadas anteriores, Alcaraz terminaba su calentamiento en una de las pistas de entrenamiento del club lodinense y se trasladaba al vestuario, para terminar de afinar. Los nervios eran l\u00f3gicos, Alcaraz ha crecido rodeado de tenis y sabe de la historia de la hierba, de sus mitos y leyendas y de su dificultad.<\/em><\/strong><\/p>\n\n\n\n<figure class=\"wp-block-video\"><video height=\"720\" style=\"aspect-ratio: 720 \/ 720;\" width=\"720\" autoplay controls src=\"https:\/\/deportedeprimera.com\/wp-content\/uploads\/2023\/06\/ssstwitter.com_1687717331576-1.mp4\"><\/video><\/figure>\n\n\n\n<p class=\"wp-block-paragraph\">\u00abQuiero escribir mi nombre aqu\u00ed\u00bb, proclam\u00f3 al comienzo del torneo, aunque dejando caer que no estaba entre los favoritos y que lo l\u00f3gico ser\u00eda perder pronto. Pero si algo tienen los mejores es que pueden desafiar a la l\u00f3gica con una facilidad pasmosa. En siete d\u00edas, un tiempo r\u00e9cord, Alcaraz ha pasado de ser un novato en la superficie, a un especialista. Ha pasado de candidato a estar en un reducido grupo de favoritos a Wimbledon. Un grupo en el que est\u00e1n \u00e9l&#8230; y Novak Djokovic, al que adem\u00e1s destron\u00f3 con su triunfo en Queen&#8217;s del n\u00famero uno del mundo.- ANUNCIOS -https:\/\/s.yimg.com\/rq\/darla\/4-11-1\/html\/r-sf-flx.html<\/p>\n\n\n\n<p class=\"wp-block-paragraph\">Alex de Mi\u00f1aur, uno de los tantos tenistas que han crecido con el deseo de ser el mejor y suceder al &#8216;Big Three&#8217; era el \u00faltimo obst\u00e1culo en la soleada tarde londinense. El &#8216;aussie&#8217;, con pasado espa\u00f1ol, es un correcaminos, un velocista que va de lado a lado de la pista y no da una bola por muerta, pero adolece de un golpe ganador. Su servicio hab\u00eda funcionado a la perfecci\u00f3n durante toda la semana y sus rivales hab\u00edan ca\u00eddo uno a uno como moscas, pero Alcaraz es otra pasta.<\/p>\n\n\n\n<p class=\"wp-block-paragraph\">No quiere decir esto que el murciano no tuviera que sufrir. Todo lo contrario. De Mi\u00f1aur aguant\u00f3 el envite durante ocho juegos de forma fant\u00e1stica, empujando al espa\u00f1ol y vi\u00e9ndose favorito. Fue \u00e9l el que dispuso de las dos primeras pelotas de rotura, salvadas al l\u00edmite por Alcaraz, una con un saque directo y otra con tres golpes a la l\u00ednea. Hab\u00eda que tomar riesgos y dar un paso al frente y, cuando Alcaraz se vio con el agua al cuello, resurgi\u00f3.<\/p>\n\n\n\n<figure class=\"wp-block-image\"><img decoding=\"async\" src=\"https:\/\/s.yimg.com\/ny\/api\/res\/1.2\/MtkucHk00TnUAo4XvnqOXA--\/YXBwaWQ9aGlnaGxhbmRlcjt3PTk2MDtoPTY0MDtjZj13ZWJw\/https:\/\/media.zenfs.com\/es\/efe.es\/baeeaaa0fcbfbb3b0b04c80aa8523d88\" alt=\"\"\/><\/figure>\n\n\n\n<p class=\"wp-block-paragraph\">Tras el sufrimiento, lleg\u00f3 el golpe al ment\u00f3n del australiano, que concedi\u00f3 a la primera oportunidad que tuvo en contra. Alcaraz, como los grandes campeones, no necesita mil oportunidades, solo una para matarte. Sin tiempo para asimilar a\u00fan esas ocasiones desperdiciadas, De Mi\u00f1aur cambiaba de lado de la pista con el primer set perdido.<\/p>\n\n\n\n<p class=\"wp-block-paragraph\">Y se le abri\u00f3 un rayo de luz, Alcaraz pidi\u00f3 la salida de su fisio, por un problema en la cara interna del muslo derecho. Vendaje y alarma, estaba muy fresca la lesi\u00f3n contra Novak Djokovic en Par\u00eds.<\/p>\n\n\n\n<p class=\"wp-block-paragraph\">Por suerte, qued\u00f3 en un susto, y las hostilidades se retomaron. Alcaraz, fuerte desde el fondo; el australiano tratando de hacer m\u00e1s cosas, de variar su repertorio. Dej\u00f3 un recuerdo al gran Manolo Santana y su &#8216;gillette&#8217;, con una volea de retroceso en la red que le vali\u00f3 el choque de manos con Alcaraz. Pero la decoraci\u00f3n no era suficiente para aplacar al espa\u00f1ol, que una vez m\u00e1s, solo necesit\u00f3 una oportunidad para engarzar el partido.<\/p>\n\n\n\n<p class=\"wp-block-paragraph\">Y ni siquiera tuvo que hacer nada. De Mi\u00f1aur hizo una doble falta con punto de &#8216;break en contra y 2-2 y entreg\u00f3 el saque y el partido.<\/p>\n\n\n\n<p class=\"wp-block-paragraph\">Alcaraz se convierte en el cuarto espa\u00f1ol en ganar en Queen&#8217;s; antes lo consiguieron Andr\u00e9s Gimeno (1960), Rafael Nadal (2008) y Feliciano L\u00f3pez (2017 y 2019). Mientras que Djokovic necesit\u00f3 seis a\u00f1os, Federer, cuatro, y Nadal, cinco, para ganar su primer t\u00edtulo en hierba, Alcaraz ha requerido de dos a\u00f1os y once partidos para reinar en la superficie m\u00e1s complicada de todas.<\/p>\n\n\n\n<figure class=\"wp-block-image\"><img decoding=\"async\" src=\"https:\/\/s.yimg.com\/ny\/api\/res\/1.2\/Ch8HOKcUb5kk6NOT4TqtFg--\/YXBwaWQ9aGlnaGxhbmRlcjt3PTk2MDtoPTY0MDtjZj13ZWJw\/https:\/\/media.zenfs.com\/es\/efe.es\/d6b17af2f9c560711aafd84fbbe0dd45\" alt=\"\"\/><\/figure>\n\n\n\n<p class=\"wp-block-paragraph\">El pr\u00f3ximo 4 de julio, debutar\u00e1 en Wimbledon como n\u00famero 1 del mundo, tras arrebatar el cetro a Novak Djokovic.<\/p>\n\n\n\n<p class=\"wp-block-paragraph\">(c) Agencia EFE<\/p>\n","protected":false},"excerpt":{"rendered":"<p>Deporte de Primera USA Con informaci\u00f3n de EFE Deportes Ni Rafael Nadal, ni Roger Federer,&#8230;<\/p>\n","protected":false},"author":1,"featured_media":106023,"comment_status":"closed","ping_status":"open","sticky":false,"template":"","format":"standard","meta":{"footnotes":""},"categories":[],"tags":[],"class_list":["post-106021","post","type-post","status-publish","format-standard","has-post-thumbnail","hentry"],"_links":{"self":[{"href":"https:\/\/www.deportedeprimera.com\/index.php\/wp-json\/wp\/v2\/posts\/106021","targetHints":{"allow":["GET"]}}],"collection":[{"href":"https:\/\/www.deportedeprimera.com\/index.php\/wp-json\/wp\/v2\/posts"}],"about":[{"href":"https:\/\/www.deportedeprimera.com\/index.php\/wp-json\/wp\/v2\/types\/post"}],"author":[{"embeddable":true,"href":"https:\/\/www.deportedeprimera.com\/index.php\/wp-json\/wp\/v2\/users\/1"}],"replies":[{"embeddable":true,"href":"https:\/\/www.deportedeprimera.com\/index.php\/wp-json\/wp\/v2\/comments?post=106021"}],"version-history":[{"count":1,"href":"https:\/\/www.deportedeprimera.com\/index.php\/wp-json\/wp\/v2\/posts\/106021\/revisions"}],"predecessor-version":[{"id":106025,"href":"https:\/\/www.deportedeprimera.com\/index.php\/wp-json\/wp\/v2\/posts\/106021\/revisions\/106025"}],"wp:featuredmedia":[{"embeddable":true,"href":"https:\/\/www.deportedeprimera.com\/index.php\/wp-json\/wp\/v2\/media\/106023"}],"wp:attachment":[{"href":"https:\/\/www.deportedeprimera.com\/index.php\/wp-json\/wp\/v2\/media?parent=106021"}],"wp:term":[{"taxonomy":"category","embeddable":true,"href":"https:\/\/www.deportedeprimera.com\/index.php\/wp-json\/wp\/v2\/categories?post=106021"},{"taxonomy":"post_tag","embeddable":true,"href":"https:\/\/www.deportedeprimera.com\/index.php\/wp-json\/wp\/v2\/tags?post=106021"}],"curies":[{"name":"wp","href":"https:\/\/api.w.org\/{rel}","templated":true}]}}