{"id":106000,"date":"2023-06-24T17:31:46","date_gmt":"2023-06-24T21:31:46","guid":{"rendered":"https:\/\/deportedeprimera.com\/?p=106000"},"modified":"2023-06-24T17:32:13","modified_gmt":"2023-06-24T21:32:13","slug":"copa-oro-el-dolor-de-cabeza-para-el-futbol-mexicano-este-verano","status":"publish","type":"post","link":"https:\/\/www.deportedeprimera.com\/index.php\/2023\/06\/24\/copa-oro-el-dolor-de-cabeza-para-el-futbol-mexicano-este-verano\/","title":{"rendered":"Copa Oro, el dolor de cabeza para el futbol mexicano este verano"},"content":{"rendered":"\n<p class=\"wp-block-paragraph\"><strong><kbd>Deporte de Primera USA<\/kbd><\/strong> <strong><kbd>Por David Aguilar<\/kbd><\/strong><\/p>\n\n\n\n<p class=\"wp-block-paragraph\"><strong><em>Comienza una edici\u00f3n m\u00e1s de la Copa Oro, la cual, lejos de ser un torneo relevante y que aporte en lo futbol\u00edstico, ha resultado ser un dolor de cabeza para todo el entorno del futbol mexicano.\u00a0 El certamen de\u00a0Concacaf\u00a0se llevar\u00e1 a cabo durante gran parte del mes de julio, y se empalma con el arranque del\u00a0Apertura 2023\u00a0y la\u00a0Leagues Cup,\u00a0raz\u00f3n por la que varios equipos de la\u00a0Liga MX\u00a0se vean muy afectados, pues tienen que ceder jugadores a la Selecci\u00f3n Mexicana, mientras esta se encuentre en competencia.<\/em><\/strong><\/p>\n\n\n\n<figure class=\"wp-block-image\"><img decoding=\"async\" src=\"https:\/\/img-s-msn-com.akamaized.net\/tenant\/amp\/entityid\/AA1cXVuq.img?w=534&amp;h=802&amp;m=6\" alt=\"Trofeo de la Copa Oro\"\/><\/figure>\n\n\n\n<p class=\"wp-block-paragraph\">Sin embargo, esto no resulta favorable para los equipos de la Liga Mx, quienes ya entrar\u00e1n en competencia la siguiente semana en el Apertura 2023 y el tener que prestar jugadores mermar\u00e1 sus plantillas, as\u00ed como el riesgo que implica tener a sus elementos jugando y estos puedan volver lesionados.&nbsp;<a href=\"https:\/\/www.msn.com\/es-us\/deportes\/futbol\/copa-oro-el-dolor-de-cabeza-para-el-futbol-mexicano-este-verano\/ar-AA1cXAer?ocid=msedgdhphdr&amp;pc=U531&amp;cvid=e9f5aca5ebe3452196a5e7b510c41e48&amp;ei=12&amp;fullscreen=true#image=2\"><\/a><a href=\"https:\/\/www.msn.com\/es-us\/deportes\/futbol\/copa-oro-el-dolor-de-cabeza-para-el-futbol-mexicano-este-verano\/ar-AA1cXAer?ocid=msedgdhphdr&amp;pc=U531&amp;cvid=e9f5aca5ebe3452196a5e7b510c41e48&amp;ei=12&amp;fullscreen=true#image=2\"><\/a>Trofeo de la Leagues Cup\u00a9&nbsp;Record<\/p>\n\n\n\n<p class=\"wp-block-paragraph\">Adem\u00e1s, algunos seleccionados, quienes se encuentran concentrados con el&nbsp;<strong>Tri<\/strong>&nbsp;ya han manifestado su negativa de jugar la&nbsp;<strong>Copa Oro<\/strong>, pues este certamen no les resulta para nada atractivo y prefieren volver a sus respectivos clubes, sobre todo los jugadores europeos.&nbsp;<\/p>\n\n\n\n<p class=\"wp-block-paragraph\">Tal es el caso de\u00a0<strong>Johan V\u00e1zquez<\/strong>, quien manifest\u00f3 su descontento por no ser considerado para ser titular con el Tri, por lo que prefiere no quedarse para jugar la Copa Oro, \u00a0ya que en estos momentos su prioridad es resolver su situaci\u00f3n con su club, el\u00a0<strong>G\u00e9nova<\/strong>, donde no tiene garantizada su continuidad.\u00a0<a href=\"https:\/\/www.msn.com\/es-us\/deportes\/futbol\/copa-oro-el-dolor-de-cabeza-para-el-futbol-mexicano-este-verano\/ar-AA1cXAer?ocid=msedgdhphdr&amp;pc=U531&amp;cvid=e9f5aca5ebe3452196a5e7b510c41e48&amp;ei=12&amp;fullscreen=true#image=3\"><\/a><a href=\"https:\/\/www.msn.com\/es-us\/deportes\/futbol\/copa-oro-el-dolor-de-cabeza-para-el-futbol-mexicano-este-verano\/ar-AA1cXAer?ocid=msedgdhphdr&amp;pc=U531&amp;cvid=e9f5aca5ebe3452196a5e7b510c41e48&amp;ei=12&amp;fullscreen=true#image=3\"><\/a>Johan V\u00e1squez en un juego del Tricolor\u00a9\u00a0Record<\/p>\n\n\n\n<p class=\"wp-block-paragraph\">Asimismo, la Selecci\u00f3n M\u00e9xicana llega con el mal sabor de boca tras haber ca\u00eddo en la\u00a0<strong>Nations League<\/strong>, lo que desmotiv\u00f3 a\u00fan m\u00e1s a los elementos tricolores, quienes ahora deber\u00e1n trabajar bajo el mando de\u00a0<strong>Jaime Lozano<\/strong>, luego de que\u00a0<strong>Diego Cocca<\/strong>\u00a0fuera cesado.<\/p>\n\n\n\n<figure class=\"wp-block-image\"><img decoding=\"async\" src=\"https:\/\/img-s-msn-com.akamaized.net\/tenant\/amp\/entityid\/AA1cY39o.img?w=534&amp;h=301&amp;m=6\" alt=\"Copa Oro, el dolor de cabeza para el futbol mexicano este verano\"\/><\/figure>\n","protected":false},"excerpt":{"rendered":"<p>Deporte de Primera USA Por David Aguilar Comienza una edici\u00f3n m\u00e1s de la Copa Oro,&#8230;<\/p>\n","protected":false},"author":1,"featured_media":106002,"comment_status":"closed","ping_status":"open","sticky":false,"template":"","format":"standard","meta":{"footnotes":""},"categories":[],"tags":[],"class_list":["post-106000","post","type-post","status-publish","format-standard","has-post-thumbnail","hentry"],"_links":{"self":[{"href":"https:\/\/www.deportedeprimera.com\/index.php\/wp-json\/wp\/v2\/posts\/106000","targetHints":{"allow":["GET"]}}],"collection":[{"href":"https:\/\/www.deportedeprimera.com\/index.php\/wp-json\/wp\/v2\/posts"}],"about":[{"href":"https:\/\/www.deportedeprimera.com\/index.php\/wp-json\/wp\/v2\/types\/post"}],"author":[{"embeddable":true,"href":"https:\/\/www.deportedeprimera.com\/index.php\/wp-json\/wp\/v2\/users\/1"}],"replies":[{"embeddable":true,"href":"https:\/\/www.deportedeprimera.com\/index.php\/wp-json\/wp\/v2\/comments?post=106000"}],"version-history":[{"count":1,"href":"https:\/\/www.deportedeprimera.com\/index.php\/wp-json\/wp\/v2\/posts\/106000\/revisions"}],"predecessor-version":[{"id":106001,"href":"https:\/\/www.deportedeprimera.com\/index.php\/wp-json\/wp\/v2\/posts\/106000\/revisions\/106001"}],"wp:featuredmedia":[{"embeddable":true,"href":"https:\/\/www.deportedeprimera.com\/index.php\/wp-json\/wp\/v2\/media\/106002"}],"wp:attachment":[{"href":"https:\/\/www.deportedeprimera.com\/index.php\/wp-json\/wp\/v2\/media?parent=106000"}],"wp:term":[{"taxonomy":"category","embeddable":true,"href":"https:\/\/www.deportedeprimera.com\/index.php\/wp-json\/wp\/v2\/categories?post=106000"},{"taxonomy":"post_tag","embeddable":true,"href":"https:\/\/www.deportedeprimera.com\/index.php\/wp-json\/wp\/v2\/tags?post=106000"}],"curies":[{"name":"wp","href":"https:\/\/api.w.org\/{rel}","templated":true}]}}