{"id":105988,"date":"2023-06-23T19:09:27","date_gmt":"2023-06-23T23:09:27","guid":{"rendered":"https:\/\/deportedeprimera.com\/?p=105988"},"modified":"2023-06-23T19:09:29","modified_gmt":"2023-06-23T23:09:29","slug":"martin-caceres-se-perdera-al-menos-tres-meses-con-el-la-galaxy-por-una-lesion-de-rodilla","status":"publish","type":"post","link":"https:\/\/www.deportedeprimera.com\/index.php\/2023\/06\/23\/martin-caceres-se-perdera-al-menos-tres-meses-con-el-la-galaxy-por-una-lesion-de-rodilla\/","title":{"rendered":"Mart\u00edn C\u00e1ceres se perder\u00e1 al menos tres meses con el LA Galaxy por una lesi\u00f3n de rodilla"},"content":{"rendered":"\n<p class=\"wp-block-paragraph\"><strong><kbd>Deporte de Primera USA<\/kbd><\/strong> <strong><kbd>Con informaci\u00f3n de EFE Deportes<\/kbd><\/strong><\/p>\n\n\n\n<p class=\"wp-block-paragraph\"><strong><em>El uruguayo Mart\u00edn C\u00e1ceres se perder\u00e1 entre tres y cinco meses de competici\u00f3n en la MLS con LA Galaxy debido a una fractura por avulsi\u00f3n en la rodilla izquierda. \u00abC\u00e1ceres ser\u00e1 intervenido quir\u00fargicamente el 28 de junio\u00bb, inform\u00f3 el equipo angelino en un comunicado. El defensa de 36 a\u00f1os se lesion\u00f3 el pasado mi\u00e9rcoles durante el partido con Sporting Kansas City que acab\u00f3 2-2 y en el que tuvo que ser sustituido.<\/em><\/strong><\/p>\n\n\n\n<figure class=\"wp-block-embed is-type-rich is-provider-twitter wp-block-embed-twitter\"><div class=\"wp-block-embed__wrapper\">\n<blockquote class=\"twitter-tweet\" data-width=\"550\" data-dnt=\"true\"><p lang=\"es\" dir=\"ltr\">CONTIN\u00daAN LAS MALAS NOTICIAS EN <a href=\"https:\/\/twitter.com\/hashtag\/LAGALAXY?src=hash&amp;ref_src=twsrc%5Etfw\">#LAGALAXY<\/a>. <br><br>El defensor <a href=\"https:\/\/twitter.com\/hashtag\/uruguayo?src=hash&amp;ref_src=twsrc%5Etfw\">#uruguayo<\/a>, <a href=\"https:\/\/twitter.com\/hashtag\/Mart%C3%ADnC%C3%A1ceres?src=hash&amp;ref_src=twsrc%5Etfw\">#Mart\u00ednC\u00e1ceres<\/a>, se lesion\u00f3 el pasado mi\u00e9rcoles en el partido vs <a href=\"https:\/\/twitter.com\/hashtag\/SportingKC?src=hash&amp;ref_src=twsrc%5Etfw\">#SportingKC<\/a> y fue diagnosticado con una fractura por avulsi\u00f3n en la rodilla izquierda. La recuperaci\u00f3n ser\u00e1 aproximadamente de 3-5 meses <a href=\"https:\/\/twitter.com\/hashtag\/LAGalaxy?src=hash&amp;ref_src=twsrc%5Etfw\">#LAGalaxy<\/a>.\u2026 <a href=\"https:\/\/t.co\/RR8Z8AjGmi\">pic.twitter.com\/RR8Z8AjGmi<\/a><\/p>&mdash; Pase Filtrado (@pasefiltrado) <a href=\"https:\/\/twitter.com\/pasefiltrado\/status\/1672353055575281664?ref_src=twsrc%5Etfw\">June 23, 2023<\/a><\/blockquote><script async src=\"https:\/\/platform.twitter.com\/widgets.js\" charset=\"utf-8\"><\/script>\n<\/div><\/figure>\n\n\n\n<p class=\"wp-block-paragraph\">A comienzos de junio el delantero mexicano Javier &#8216;Chicharito&#8217; Hern\u00e1ndez se rompi\u00f3 el ligamento cruzado anterior de la rodilla derecha y qued\u00f3 al margen por el resto de la temporada.<\/p>\n\n\n\n<p class=\"wp-block-paragraph\">Galaxy inform\u00f3 este viernes que el mexicano fue sometido a una cirug\u00eda exitosa para reconstruir ese ligamento da\u00f1ado.<\/p>\n\n\n\n<p class=\"wp-block-paragraph\">El conjunto angelino, en cuya plantilla destacan tambi\u00e9n el espa\u00f1ol Riqui Puig y el brasile\u00f1o Douglas Costa, pasa por un momento muy complicado en la liga. Ocupa el pen\u00faltimo de la Conferencia Oeste con solo 14 puntos tras 17 encuentros.<\/p>\n\n\n\n<p class=\"wp-block-paragraph\">Este s\u00e1bado, Galaxy visita a Colorado Rapids, colistas en el Oeste con 13 puntos despu\u00e9s de 18 partidos.<\/p>\n\n\n\n<figure class=\"wp-block-image\"><img decoding=\"async\" src=\"https:\/\/pbs.twimg.com\/media\/FzVroR4aMAAYYWL?format=jpg&amp;name=large\" alt=\"Imagen\"\/><\/figure>\n","protected":false},"excerpt":{"rendered":"<p>Deporte de Primera USA Con informaci\u00f3n de EFE Deportes El uruguayo Mart\u00edn C\u00e1ceres se perder\u00e1&#8230;<\/p>\n","protected":false},"author":1,"featured_media":105989,"comment_status":"closed","ping_status":"open","sticky":false,"template":"","format":"standard","meta":{"footnotes":""},"categories":[],"tags":[],"class_list":["post-105988","post","type-post","status-publish","format-standard","has-post-thumbnail","hentry"],"_links":{"self":[{"href":"https:\/\/www.deportedeprimera.com\/index.php\/wp-json\/wp\/v2\/posts\/105988","targetHints":{"allow":["GET"]}}],"collection":[{"href":"https:\/\/www.deportedeprimera.com\/index.php\/wp-json\/wp\/v2\/posts"}],"about":[{"href":"https:\/\/www.deportedeprimera.com\/index.php\/wp-json\/wp\/v2\/types\/post"}],"author":[{"embeddable":true,"href":"https:\/\/www.deportedeprimera.com\/index.php\/wp-json\/wp\/v2\/users\/1"}],"replies":[{"embeddable":true,"href":"https:\/\/www.deportedeprimera.com\/index.php\/wp-json\/wp\/v2\/comments?post=105988"}],"version-history":[{"count":1,"href":"https:\/\/www.deportedeprimera.com\/index.php\/wp-json\/wp\/v2\/posts\/105988\/revisions"}],"predecessor-version":[{"id":105990,"href":"https:\/\/www.deportedeprimera.com\/index.php\/wp-json\/wp\/v2\/posts\/105988\/revisions\/105990"}],"wp:featuredmedia":[{"embeddable":true,"href":"https:\/\/www.deportedeprimera.com\/index.php\/wp-json\/wp\/v2\/media\/105989"}],"wp:attachment":[{"href":"https:\/\/www.deportedeprimera.com\/index.php\/wp-json\/wp\/v2\/media?parent=105988"}],"wp:term":[{"taxonomy":"category","embeddable":true,"href":"https:\/\/www.deportedeprimera.com\/index.php\/wp-json\/wp\/v2\/categories?post=105988"},{"taxonomy":"post_tag","embeddable":true,"href":"https:\/\/www.deportedeprimera.com\/index.php\/wp-json\/wp\/v2\/tags?post=105988"}],"curies":[{"name":"wp","href":"https:\/\/api.w.org\/{rel}","templated":true}]}}