{"id":105982,"date":"2023-06-23T18:45:12","date_gmt":"2023-06-23T22:45:12","guid":{"rendered":"https:\/\/deportedeprimera.com\/?p=105982"},"modified":"2023-06-23T18:45:13","modified_gmt":"2023-06-23T22:45:13","slug":"primero-fue-lionel-messi-y-hoy-el-inter-miami-oficializo-la-contratacion-de-sergio-busquets","status":"publish","type":"post","link":"https:\/\/www.deportedeprimera.com\/index.php\/2023\/06\/23\/primero-fue-lionel-messi-y-hoy-el-inter-miami-oficializo-la-contratacion-de-sergio-busquets\/","title":{"rendered":"Primero fue Lionel Messi y hoy el Inter Miami oficializ\u00f3 la contrataci\u00f3n de Sergio Busquets"},"content":{"rendered":"\n<p class=\"wp-block-paragraph\"> <strong><kbd>Deporte de Primera USA<\/kbd><\/strong><\/p>\n\n\n\n<p class=\"wp-block-paragraph\"><strong><em>Claro est\u00e1 que Lionel Messi no iba a llegar solo al Inter Miami. Detr\u00e1s del 10 argentino el propio club de la Capital del Solo oficializ\u00f3 la llegada del espa\u00f1ol Sergio Busquets. Tras meses de rumores, Inter Miami public\u00f3 hoy un v\u00eddeo que anuncia el fichaje de Busquets y contiene citas de estrellas del f\u00fatbol, como Pep Guardiola y Luka Modric, que elogian al excompa\u00f1ero de Messi en el Barcelona.<\/em><\/strong><\/p>\n\n\n\n<figure class=\"wp-block-embed is-type-rich is-provider-twitter wp-block-embed-twitter\"><div class=\"wp-block-embed__wrapper\">\n<blockquote class=\"twitter-tweet\" data-width=\"550\" data-dnt=\"true\"><p lang=\"zxx\" dir=\"ltr\"><a href=\"https:\/\/t.co\/Mil6KD4l7M\">pic.twitter.com\/Mil6KD4l7M<\/a><\/p>&mdash; Inter Miami CF (@InterMiamiCF) <a href=\"https:\/\/twitter.com\/InterMiamiCF\/status\/1672354037625135104?ref_src=twsrc%5Etfw\">June 23, 2023<\/a><\/blockquote><script async src=\"https:\/\/platform.twitter.com\/widgets.js\" charset=\"utf-8\"><\/script>\n<\/div><\/figure>\n\n\n\n<p class=\"wp-block-paragraph\">Despu\u00e9s de quince temporadas en las que gan\u00f3 32 t\u00edtulos (9 Ligas, 7 Copas del Rey, 7 Supercopas de Espa\u00f1a, 3 Ligas de Campeones, 3 Mundiales de Clubes y 3 Supercopas de Europa), Busquets, de 34 a\u00f1os, anunci\u00f3 recientemente que iba a abandonar el Barcelona.<\/p>\n\n\n\n<p class=\"wp-block-paragraph\">Busquets no solo fue un ancla en el centro el campo del club azulgrana sino que tambi\u00e9n marc\u00f3 una \u00e9poca en la selecci\u00f3n espa\u00f1ola, con la que conquist\u00f3 el Mundial de 2010 y la Eurocopa de 2012.<\/p>\n\n\n\n<p class=\"wp-block-paragraph\">El mediocentro, que hab\u00eda desarrollado toda su trayectoria profesional en el Barcelona, se estrenar\u00e1 en el extranjero en la MLS de la mano de un Messi con el que comparti\u00f3 numerosos triunfos con la camiseta blaugrana.<\/p>\n\n\n\n<p class=\"wp-block-paragraph\">Estos dos importantes refuerzos, que se podr\u00e1n inscribir en la ventana veraniega de fichajes de la MLS que comienza el 5 de julio, le vendr\u00e1n de maravilla a un Inter Miami muy necesitado de ayuda ya que, por ahora, es \u00faltimo en la Conferencia Este con solo 15 puntos en 17 encuentros.<\/p>\n\n\n\n<figure class=\"wp-block-image\"><img decoding=\"async\" src=\"https:\/\/pbs.twimg.com\/media\/FzVnJ1VWcAImyfX?format=jpg&amp;name=medium\" alt=\"Imagen\"\/><\/figure>\n","protected":false},"excerpt":{"rendered":"<p>Deporte de Primera USA Claro est\u00e1 que Lionel Messi no iba a llegar solo al&#8230;<\/p>\n","protected":false},"author":1,"featured_media":105983,"comment_status":"closed","ping_status":"open","sticky":false,"template":"","format":"standard","meta":{"footnotes":""},"categories":[],"tags":[],"class_list":["post-105982","post","type-post","status-publish","format-standard","has-post-thumbnail","hentry"],"_links":{"self":[{"href":"https:\/\/www.deportedeprimera.com\/index.php\/wp-json\/wp\/v2\/posts\/105982","targetHints":{"allow":["GET"]}}],"collection":[{"href":"https:\/\/www.deportedeprimera.com\/index.php\/wp-json\/wp\/v2\/posts"}],"about":[{"href":"https:\/\/www.deportedeprimera.com\/index.php\/wp-json\/wp\/v2\/types\/post"}],"author":[{"embeddable":true,"href":"https:\/\/www.deportedeprimera.com\/index.php\/wp-json\/wp\/v2\/users\/1"}],"replies":[{"embeddable":true,"href":"https:\/\/www.deportedeprimera.com\/index.php\/wp-json\/wp\/v2\/comments?post=105982"}],"version-history":[{"count":1,"href":"https:\/\/www.deportedeprimera.com\/index.php\/wp-json\/wp\/v2\/posts\/105982\/revisions"}],"predecessor-version":[{"id":105984,"href":"https:\/\/www.deportedeprimera.com\/index.php\/wp-json\/wp\/v2\/posts\/105982\/revisions\/105984"}],"wp:featuredmedia":[{"embeddable":true,"href":"https:\/\/www.deportedeprimera.com\/index.php\/wp-json\/wp\/v2\/media\/105983"}],"wp:attachment":[{"href":"https:\/\/www.deportedeprimera.com\/index.php\/wp-json\/wp\/v2\/media?parent=105982"}],"wp:term":[{"taxonomy":"category","embeddable":true,"href":"https:\/\/www.deportedeprimera.com\/index.php\/wp-json\/wp\/v2\/categories?post=105982"},{"taxonomy":"post_tag","embeddable":true,"href":"https:\/\/www.deportedeprimera.com\/index.php\/wp-json\/wp\/v2\/tags?post=105982"}],"curies":[{"name":"wp","href":"https:\/\/api.w.org\/{rel}","templated":true}]}}