{"id":105926,"date":"2023-06-21T12:23:21","date_gmt":"2023-06-21T16:23:21","guid":{"rendered":"https:\/\/deportedeprimera.com\/?p=105926"},"modified":"2023-06-21T12:23:22","modified_gmt":"2023-06-21T16:23:22","slug":"dt-de-alemania-flick-en-la-cuerda-floja-tras-derrota-ante-colombia","status":"publish","type":"post","link":"https:\/\/www.deportedeprimera.com\/index.php\/2023\/06\/21\/dt-de-alemania-flick-en-la-cuerda-floja-tras-derrota-ante-colombia\/","title":{"rendered":"DT de Alemania Flick, en la cuerda floja tras derrota ante Colombia"},"content":{"rendered":"\n<p class=\"wp-block-paragraph\"><strong><kbd>Deporte de Primera USA<\/kbd><\/strong><\/p>\n\n\n\n<p class=\"wp-block-paragraph\"><strong><em>El seleccionador alem\u00e1n, Hansi Flick, comenz\u00f3 su mandato en 2021 con una racha de ocho victorias consecutivas y la promesa a los aficionados de devolver a los tetracampeones del mundo al buen camino. Sin embargo, tras la derrota del martes en casa 2-0 ante Colombia, Flick parece haber agotado casi todo ese cr\u00e9dito inicial, ya que los alemanes, anfitriones de la Eurocopa 2024, han perdido ante Polonia y empatado a 3-3 contra Ucrania en sus tres partidos internacionales de este mes.<\/em><\/strong><\/p>\n\n\n\n<figure class=\"wp-block-image\"><img decoding=\"async\" src=\"https:\/\/pbs.twimg.com\/media\/FzF-6bpWcAQQB1i?format=jpg&amp;name=small\" alt=\"Imagen\"\/><\/figure>\n\n\n\n<p class=\"wp-block-paragraph\">\u00ab\u00bfEs el hombre adecuado para el puesto?\u00bb, se preguntaban el mi\u00e9rcoles varios medios alemanes en sus encuestas online.<\/p>\n\n\n\n<p class=\"wp-block-paragraph\">\u00abA un a\u00f1o de la Eurocopa parece que el seleccionador y su equipo han perdido toda orientaci\u00f3n\u00bb, escribi\u00f3 la revista de f\u00fatbol Kicker.<\/p>\n\n\n\n<p class=\"wp-block-paragraph\">Alemania, que tiene menos de un a\u00f1o para construir un equipo competitivo, marc\u00f3 dos goles en los \u00faltimos minutos para empatar con Ucrania antes de la derrota 1-0 del viernes en Varsovia. Y la actuaci\u00f3n contra Colombia en Gelsenkirchen fue a\u00fan peor.<\/p>\n\n\n\n<p class=\"wp-block-paragraph\">Alemania s\u00f3lo ha ganado uno de sus cinco \u00faltimos partidos desde su sorprendente eliminaci\u00f3n en la fase de grupos del Mundial en diciembre. Adem\u00e1s, s\u00f3lo se impuso en tres de sus \u00faltimos 11 encuentros.<\/p>\n\n\n\n<p class=\"wp-block-paragraph\">Cuando Flick asumi\u00f3 el cargo hace dos a\u00f1os, Alemania acababa de caer en octavos de final de la Eurocopa de 2021 tras su primera eliminaci\u00f3n en la fase inicial de un Mundial en m\u00e1s de 80 a\u00f1os en 2018.<\/p>\n\n\n\n<p class=\"wp-block-paragraph\">Flick parec\u00eda el hombre perfecto para el puesto despu\u00e9s de sus seis trofeos con el Bayern Munich\u00a0en 2020 y sus a\u00f1os de trabajo con su predecesor en Alemania, Joachim L\u00f6w, como su segundo entrenador, que tuvo como colof\u00f3n el triunfo en el Mundial de Brasil 2014.<\/p>\n\n\n\n<p class=\"wp-block-paragraph\">Pero ahora est\u00e1 entre la espada y la pared, a pesar de que asegura que el equipo ser\u00e1 completamente diferente en su pr\u00f3xima serie de partidos internacionales en septiembre.<\/p>\n\n\n\n<p class=\"wp-block-paragraph\">\u00abVeremos un equipo diferente\u00bb, afirm\u00f3 Flick. \u00abEstabilizaremos el equipo y lo pondremos a punto\u00bb.<\/p>\n\n\n\n<p class=\"wp-block-paragraph\">(Reporte de Karolos Grohmann. Editado en espa\u00f1ol por Javier Leira)<\/p>\n\n\n\n<figure class=\"wp-block-image\"><img decoding=\"async\" src=\"https:\/\/pbs.twimg.com\/media\/FzI15u4WAAAPshR?format=jpg&amp;name=medium\" alt=\"Imagen\"\/><\/figure>\n","protected":false},"excerpt":{"rendered":"<p>Deporte de Primera USA El seleccionador alem\u00e1n, Hansi Flick, comenz\u00f3 su mandato en 2021 con&#8230;<\/p>\n","protected":false},"author":1,"featured_media":105927,"comment_status":"closed","ping_status":"open","sticky":false,"template":"","format":"standard","meta":{"footnotes":""},"categories":[],"tags":[],"class_list":["post-105926","post","type-post","status-publish","format-standard","has-post-thumbnail","hentry"],"_links":{"self":[{"href":"https:\/\/www.deportedeprimera.com\/index.php\/wp-json\/wp\/v2\/posts\/105926","targetHints":{"allow":["GET"]}}],"collection":[{"href":"https:\/\/www.deportedeprimera.com\/index.php\/wp-json\/wp\/v2\/posts"}],"about":[{"href":"https:\/\/www.deportedeprimera.com\/index.php\/wp-json\/wp\/v2\/types\/post"}],"author":[{"embeddable":true,"href":"https:\/\/www.deportedeprimera.com\/index.php\/wp-json\/wp\/v2\/users\/1"}],"replies":[{"embeddable":true,"href":"https:\/\/www.deportedeprimera.com\/index.php\/wp-json\/wp\/v2\/comments?post=105926"}],"version-history":[{"count":1,"href":"https:\/\/www.deportedeprimera.com\/index.php\/wp-json\/wp\/v2\/posts\/105926\/revisions"}],"predecessor-version":[{"id":105928,"href":"https:\/\/www.deportedeprimera.com\/index.php\/wp-json\/wp\/v2\/posts\/105926\/revisions\/105928"}],"wp:featuredmedia":[{"embeddable":true,"href":"https:\/\/www.deportedeprimera.com\/index.php\/wp-json\/wp\/v2\/media\/105927"}],"wp:attachment":[{"href":"https:\/\/www.deportedeprimera.com\/index.php\/wp-json\/wp\/v2\/media?parent=105926"}],"wp:term":[{"taxonomy":"category","embeddable":true,"href":"https:\/\/www.deportedeprimera.com\/index.php\/wp-json\/wp\/v2\/categories?post=105926"},{"taxonomy":"post_tag","embeddable":true,"href":"https:\/\/www.deportedeprimera.com\/index.php\/wp-json\/wp\/v2\/tags?post=105926"}],"curies":[{"name":"wp","href":"https:\/\/api.w.org\/{rel}","templated":true}]}}