{"id":105912,"date":"2023-06-20T20:07:00","date_gmt":"2023-06-21T00:07:00","guid":{"rendered":"https:\/\/deportedeprimera.com\/?p=105912"},"modified":"2023-06-20T20:07:01","modified_gmt":"2023-06-21T00:07:01","slug":"giovanni-aguilar-se-pone-la-camiseta-del-whitecaps","status":"publish","type":"post","link":"https:\/\/www.deportedeprimera.com\/index.php\/2023\/06\/20\/giovanni-aguilar-se-pone-la-camiseta-del-whitecaps\/","title":{"rendered":"Giovanni Aguilar se pone la camiseta del Whitecaps"},"content":{"rendered":"\n<p class=\"wp-block-paragraph\"><strong><kbd>Deporte de Primera USA<\/kbd><\/strong><\/p>\n\n\n\n<p class=\"wp-block-paragraph\"><strong><em>Vancouver Whitecaps FC anunci\u00f3 que el club firm\u00f3 al mediocampista del Whitecaps FC 2 (WFC2), Giovanni Aguilar, en un acuerdo a corto plazo de la MLS para el partido del mi\u00e9rcoles contra Colorado Rapids. Esta es la primera vez que Aguilar firma un acuerdo a corto plazo con el primer equipo.<\/em><\/strong><\/p>\n\n\n\n<p class=\"wp-block-paragraph\"><strong>Datos de Aguilar<\/strong><\/p>\n\n\n\n<p class=\"wp-block-paragraph\">-Dos goles, dos asistencias en 12 aperturas y 15 apariciones con WFC2 en 2023.<br>-Pas\u00f3 la pretemporada de 2023 con el primer equipo en Marbella, Espa\u00f1a, haciendo una aparici\u00f3n.<br>-Seleccionado en el puesto 49 en general por Whitecaps FC en el SuperDraft de la MLS 2022<br>-Tres goles y 11 asistencias en 71 aperturas y 72 apariciones para la Universidad Estatal de California Northridge.<\/p>\n\n\n\n<p class=\"wp-block-paragraph\">Aguilar, de 25 a\u00f1os, ha sido titular en 12 de sus 15 apariciones con WFC2 esta temporada, luciendo el brazalete de capit\u00e1n en cada una de sus aperturas. El nativo de Olivehurst, California, tambi\u00e9n registr\u00f3 dos goles, as\u00ed como dos asistencias, y form\u00f3 parte del campo de entrenamiento de pretemporada del primer equipo de &#8216;Caps en Marbella, Espa\u00f1a.<\/p>\n\n\n\n<p class=\"wp-block-paragraph\">La temporada pasada, Aguilar hizo 19 aperturas y 22 apariciones para WFC2 en la temporada inaugural de MLS NEXT Pro del club, anotando cuatro goles y dos asistencias. El mediocampista fue seleccionado originalmente en el puesto 49 en general por Vancouver en la segunda ronda del SuperDraft de la MLS 2022 de la Universidad Estatal de California en Northridge.<\/p>\n\n\n\n<figure class=\"wp-block-image size-full\"><img loading=\"lazy\" decoding=\"async\" width=\"675\" height=\"494\" src=\"https:\/\/deportedeprimera.com\/wp-content\/uploads\/2023\/06\/kz79udp9.png\" alt=\"\" class=\"wp-image-105913\" srcset=\"https:\/\/www.deportedeprimera.com\/wp-content\/uploads\/2023\/06\/kz79udp9.png 675w, https:\/\/www.deportedeprimera.com\/wp-content\/uploads\/2023\/06\/kz79udp9-300x220.png 300w\" sizes=\"auto, (max-width: 675px) 100vw, 675px\" \/><\/figure>\n","protected":false},"excerpt":{"rendered":"<p>Deporte de Primera USA Vancouver Whitecaps FC anunci\u00f3 que el club firm\u00f3 al mediocampista del&#8230;<\/p>\n","protected":false},"author":1,"featured_media":105914,"comment_status":"closed","ping_status":"open","sticky":false,"template":"","format":"standard","meta":{"footnotes":""},"categories":[],"tags":[],"class_list":["post-105912","post","type-post","status-publish","format-standard","has-post-thumbnail","hentry"],"_links":{"self":[{"href":"https:\/\/www.deportedeprimera.com\/index.php\/wp-json\/wp\/v2\/posts\/105912","targetHints":{"allow":["GET"]}}],"collection":[{"href":"https:\/\/www.deportedeprimera.com\/index.php\/wp-json\/wp\/v2\/posts"}],"about":[{"href":"https:\/\/www.deportedeprimera.com\/index.php\/wp-json\/wp\/v2\/types\/post"}],"author":[{"embeddable":true,"href":"https:\/\/www.deportedeprimera.com\/index.php\/wp-json\/wp\/v2\/users\/1"}],"replies":[{"embeddable":true,"href":"https:\/\/www.deportedeprimera.com\/index.php\/wp-json\/wp\/v2\/comments?post=105912"}],"version-history":[{"count":1,"href":"https:\/\/www.deportedeprimera.com\/index.php\/wp-json\/wp\/v2\/posts\/105912\/revisions"}],"predecessor-version":[{"id":105915,"href":"https:\/\/www.deportedeprimera.com\/index.php\/wp-json\/wp\/v2\/posts\/105912\/revisions\/105915"}],"wp:featuredmedia":[{"embeddable":true,"href":"https:\/\/www.deportedeprimera.com\/index.php\/wp-json\/wp\/v2\/media\/105914"}],"wp:attachment":[{"href":"https:\/\/www.deportedeprimera.com\/index.php\/wp-json\/wp\/v2\/media?parent=105912"}],"wp:term":[{"taxonomy":"category","embeddable":true,"href":"https:\/\/www.deportedeprimera.com\/index.php\/wp-json\/wp\/v2\/categories?post=105912"},{"taxonomy":"post_tag","embeddable":true,"href":"https:\/\/www.deportedeprimera.com\/index.php\/wp-json\/wp\/v2\/tags?post=105912"}],"curies":[{"name":"wp","href":"https:\/\/api.w.org\/{rel}","templated":true}]}}