{"id":105907,"date":"2023-06-19T17:33:59","date_gmt":"2023-06-19T21:33:59","guid":{"rendered":"https:\/\/deportedeprimera.com\/?p=105907"},"modified":"2023-06-19T17:34:28","modified_gmt":"2023-06-19T21:34:28","slug":"portland-timbers-celebra-nominacion-de-diego-chara-en-el-ix-semanal-de-la-mls","status":"publish","type":"post","link":"https:\/\/www.deportedeprimera.com\/index.php\/2023\/06\/19\/portland-timbers-celebra-nominacion-de-diego-chara-en-el-ix-semanal-de-la-mls\/","title":{"rendered":"Portland Timbers, celebra nominaci\u00f3n de Diego Chara en el XI semanal de la MLS"},"content":{"rendered":"\n<p class=\"wp-block-paragraph\"><strong><kbd>Deporte de Primera USA<\/kbd><\/strong><\/p>\n\n\n\n<p class=\"wp-block-paragraph\"><strong><em>El mediocampista de los Portland Timbers, Diego Chara, fue incluido en el Equipo de la Jornada de la MLS para la jornada 19, anunci\u00f3 hoy la liga. Los Timbers obtuvieron su tercera porter\u00eda a cero consecutiva con un empate sin goles contra San Jose Earthquakes en PayPal Park el s\u00e1bado 17 de junio.<\/em><\/strong><\/p>\n\n\n\n<figure class=\"wp-block-image\"><img decoding=\"async\" src=\"https:\/\/pbs.twimg.com\/media\/FzAeq1iXwAE-2S0?format=jpg&amp;name=900x900\" alt=\"Imagen\"\/><\/figure>\n\n\n\n<p class=\"wp-block-paragraph\">Chara, de 37 a\u00f1os, es el \u00fanico jugador de Portland que ha sido titular en todos los partidos (18) y ha jugado todos los minutos (1.620) para los Timbers esta temporada. En el partido contra San Jos\u00e9 del 17 de junio, el mediocampista colombiano lider\u00f3 a Portland en tacleadas ganadas (4), recuperaciones (13) y pases completos (41), registrando un 95,3% de acierto en el pase.<\/p>\n\n\n\n<p class=\"wp-block-paragraph\">L\u00edder de todos los tiempos de Portland en juegos jugados (356) y juegos iniciados (351), Chara se convirti\u00f3 en el primer jugador de campo en la MLS en llegar a 350 aperturas, todos con un club, con su apertura contra FC Dallas el 11 de junio. <\/p>\n\n\n\n<p class=\"wp-block-paragraph\">El mediocampista colombiano tambi\u00e9n hizo su Aparici\u00f3n n\u00famero 400 en todas las competiciones para Portland en el partido. <\/p>\n\n\n\n<p class=\"wp-block-paragraph\">Diego Chara anot\u00f3 su asistencia n\u00famero 31 en temporada regular en el partido del 11 de junio, superando a Darlington Nagbe (30) por la tercera mayor cantidad en la historia del club detr\u00e1s de Sebasti\u00e1n Blanco (50) y Diego Valeri (91). <\/p>\n\n\n\n<p class=\"wp-block-paragraph\">Tambi\u00e9n lidera la plantilla en tacleadas ganadas (21), recuperaciones (119) y pases acertados (575) en la campa\u00f1a 2023.<\/p>\n\n\n\n<figure class=\"wp-block-image\"><img decoding=\"async\" src=\"https:\/\/pbs.twimg.com\/media\/FEPeJrZXEAI4TtZ?format=jpg&amp;name=medium\" alt=\"Imagen\"\/><\/figure>\n","protected":false},"excerpt":{"rendered":"<p>Deporte de Primera USA El mediocampista de los Portland Timbers, Diego Chara, fue incluido en&#8230;<\/p>\n","protected":false},"author":1,"featured_media":105908,"comment_status":"closed","ping_status":"open","sticky":false,"template":"","format":"standard","meta":{"footnotes":""},"categories":[],"tags":[],"class_list":["post-105907","post","type-post","status-publish","format-standard","has-post-thumbnail","hentry"],"_links":{"self":[{"href":"https:\/\/www.deportedeprimera.com\/index.php\/wp-json\/wp\/v2\/posts\/105907","targetHints":{"allow":["GET"]}}],"collection":[{"href":"https:\/\/www.deportedeprimera.com\/index.php\/wp-json\/wp\/v2\/posts"}],"about":[{"href":"https:\/\/www.deportedeprimera.com\/index.php\/wp-json\/wp\/v2\/types\/post"}],"author":[{"embeddable":true,"href":"https:\/\/www.deportedeprimera.com\/index.php\/wp-json\/wp\/v2\/users\/1"}],"replies":[{"embeddable":true,"href":"https:\/\/www.deportedeprimera.com\/index.php\/wp-json\/wp\/v2\/comments?post=105907"}],"version-history":[{"count":2,"href":"https:\/\/www.deportedeprimera.com\/index.php\/wp-json\/wp\/v2\/posts\/105907\/revisions"}],"predecessor-version":[{"id":105910,"href":"https:\/\/www.deportedeprimera.com\/index.php\/wp-json\/wp\/v2\/posts\/105907\/revisions\/105910"}],"wp:featuredmedia":[{"embeddable":true,"href":"https:\/\/www.deportedeprimera.com\/index.php\/wp-json\/wp\/v2\/media\/105908"}],"wp:attachment":[{"href":"https:\/\/www.deportedeprimera.com\/index.php\/wp-json\/wp\/v2\/media?parent=105907"}],"wp:term":[{"taxonomy":"category","embeddable":true,"href":"https:\/\/www.deportedeprimera.com\/index.php\/wp-json\/wp\/v2\/categories?post=105907"},{"taxonomy":"post_tag","embeddable":true,"href":"https:\/\/www.deportedeprimera.com\/index.php\/wp-json\/wp\/v2\/tags?post=105907"}],"curies":[{"name":"wp","href":"https:\/\/api.w.org\/{rel}","templated":true}]}}