{"id":105903,"date":"2023-06-19T17:27:26","date_gmt":"2023-06-19T21:27:26","guid":{"rendered":"https:\/\/deportedeprimera.com\/?p=105903"},"modified":"2023-06-19T17:27:27","modified_gmt":"2023-06-19T21:27:27","slug":"fc-dallas-firmo-al-extremo-eugene-ansah-con-un-contrato-de-un-ano-y-medio-con-una-opcion-de-club-para-la-temporada-2025","status":"publish","type":"post","link":"https:\/\/www.deportedeprimera.com\/index.php\/2023\/06\/19\/fc-dallas-firmo-al-extremo-eugene-ansah-con-un-contrato-de-un-ano-y-medio-con-una-opcion-de-club-para-la-temporada-2025\/","title":{"rendered":"FC Dallas firm\u00f3 al extremo Eugene Ansah con un contrato de un a\u00f1o y medio con una opci\u00f3n de club para la temporada 2025"},"content":{"rendered":"\n<p class=\"wp-block-paragraph\"><strong><kbd>Deporte de Primera USA<\/kbd><\/strong><\/p>\n\n\n\n<p class=\"wp-block-paragraph\"><strong><em>Ansah, de 28 a\u00f1os, se une al FC Dallas despu\u00e9s de pasar cinco temporadas en la Premier League israel\u00ed, y recientemente jug\u00f3 para el Hapoel Be\u2019er Sheva. Durante su tiempo con Be&#8217;er Sheva, Ansah registr\u00f3 80 apariciones y registr\u00f3 12 goles y 10 asistencias en 4.726 minutos jugados. Tambi\u00e9n apareci\u00f3 en seis partidos de la fase de grupos de la Europa Conference League 2022-23 para el equipo israel\u00ed.<\/em><\/strong><\/p>\n\n\n\n<p class=\"wp-block-paragraph\">\u201cEugene (Ansah) es un jugador r\u00e1pido y \u00e1gil que nos ayudar\u00e1 a crear oportunidades y tambi\u00e9n a marcar goles\u201d, dijo el entrenador de FC Dallas, Nico Est\u00e9vez.<\/p>\n\n\n\n<p class=\"wp-block-paragraph\">\u201cLo hemos estado siguiendo durante m\u00e1s de un a\u00f1o y nos gusta que pueda jugar como extremo y como nueve. No puedo esperar a que se una al equipo, le enviamos un plan de entrenamiento y estado f\u00edsico para que cuando llegue est\u00e9 listo para jugar\u201d, agreg\u00f3.<\/p>\n\n\n\n<p class=\"wp-block-paragraph\">Ansah comenz\u00f3 su carrera en el KSC Lokeren Sub-19 e hizo su debut en el primer equipo el 3 de noviembre de 2013 a los 18 a\u00f1os. Hizo 43 apariciones y registr\u00f3 942 minutos en la Pro League belga. Ansah contribuy\u00f3 con cinco goles y dos asistencias durante su paso por el Lokeren. Ansah se uni\u00f3 a Beitar Ta Ramla en la Liga Leumit de 2017-19. <\/p>\n\n\n\n<p class=\"wp-block-paragraph\">Se uni\u00f3 a Hapoel Raanana en 2019 y fue transferido a Hapoel Be&#8217;er Sheva de la Premier League israel\u00ed en 2021.<\/p>\n\n\n\n<figure class=\"wp-block-image size-full\"><img loading=\"lazy\" decoding=\"async\" width=\"743\" height=\"816\" src=\"https:\/\/deportedeprimera.com\/wp-content\/uploads\/2023\/06\/03hck502.png\" alt=\"\" class=\"wp-image-105905\" srcset=\"https:\/\/www.deportedeprimera.com\/wp-content\/uploads\/2023\/06\/03hck502.png 743w, https:\/\/www.deportedeprimera.com\/wp-content\/uploads\/2023\/06\/03hck502-273x300.png 273w\" sizes=\"auto, (max-width: 743px) 100vw, 743px\" \/><\/figure>\n","protected":false},"excerpt":{"rendered":"<p>Deporte de Primera USA Ansah, de 28 a\u00f1os, se une al FC Dallas despu\u00e9s de&#8230;<\/p>\n","protected":false},"author":1,"featured_media":105904,"comment_status":"closed","ping_status":"open","sticky":false,"template":"","format":"standard","meta":{"footnotes":""},"categories":[],"tags":[],"class_list":["post-105903","post","type-post","status-publish","format-standard","has-post-thumbnail","hentry"],"_links":{"self":[{"href":"https:\/\/www.deportedeprimera.com\/index.php\/wp-json\/wp\/v2\/posts\/105903","targetHints":{"allow":["GET"]}}],"collection":[{"href":"https:\/\/www.deportedeprimera.com\/index.php\/wp-json\/wp\/v2\/posts"}],"about":[{"href":"https:\/\/www.deportedeprimera.com\/index.php\/wp-json\/wp\/v2\/types\/post"}],"author":[{"embeddable":true,"href":"https:\/\/www.deportedeprimera.com\/index.php\/wp-json\/wp\/v2\/users\/1"}],"replies":[{"embeddable":true,"href":"https:\/\/www.deportedeprimera.com\/index.php\/wp-json\/wp\/v2\/comments?post=105903"}],"version-history":[{"count":1,"href":"https:\/\/www.deportedeprimera.com\/index.php\/wp-json\/wp\/v2\/posts\/105903\/revisions"}],"predecessor-version":[{"id":105906,"href":"https:\/\/www.deportedeprimera.com\/index.php\/wp-json\/wp\/v2\/posts\/105903\/revisions\/105906"}],"wp:featuredmedia":[{"embeddable":true,"href":"https:\/\/www.deportedeprimera.com\/index.php\/wp-json\/wp\/v2\/media\/105904"}],"wp:attachment":[{"href":"https:\/\/www.deportedeprimera.com\/index.php\/wp-json\/wp\/v2\/media?parent=105903"}],"wp:term":[{"taxonomy":"category","embeddable":true,"href":"https:\/\/www.deportedeprimera.com\/index.php\/wp-json\/wp\/v2\/categories?post=105903"},{"taxonomy":"post_tag","embeddable":true,"href":"https:\/\/www.deportedeprimera.com\/index.php\/wp-json\/wp\/v2\/tags?post=105903"}],"curies":[{"name":"wp","href":"https:\/\/api.w.org\/{rel}","templated":true}]}}