{"id":105900,"date":"2023-06-19T17:16:45","date_gmt":"2023-06-19T21:16:45","guid":{"rendered":"https:\/\/deportedeprimera.com\/?p=105900"},"modified":"2023-06-19T17:17:24","modified_gmt":"2023-06-19T21:17:24","slug":"zac-mcgraw-del-portlan-es-convacado-por-la-seleccion-de-canada-para-jugar-la-copa-oro-2023","status":"publish","type":"post","link":"https:\/\/www.deportedeprimera.com\/index.php\/2023\/06\/19\/zac-mcgraw-del-portlan-es-convacado-por-la-seleccion-de-canada-para-jugar-la-copa-oro-2023\/","title":{"rendered":"Zac McGraw del Portlan es convacado por la Selecci\u00f3n de Canad\u00e1 para jugar la Copa Oro 2023"},"content":{"rendered":"\n<p class=\"wp-block-paragraph\"><strong><kbd>Deporte de Primera USA<\/kbd><\/strong><\/p>\n\n\n\n<p class=\"wp-block-paragraph\"><strong><em>El defensa de los Portland Timbers, Zac McGraw, ha sido convocado a la Selecci\u00f3n Nacional Masculina de Canad\u00e1 para la Copa Oro de Concacaf 2023, anunci\u00f3 Canada Soccer. McGraw se unir\u00e1 a Canad\u00e1 por primera vez en su carrera despu\u00e9s del partido entre semana de los Timbers contra el Chicago Fire FC el 21 de junio.<\/em><\/strong><\/p>\n\n\n\n<figure class=\"wp-block-image\"><img decoding=\"async\" src=\"https:\/\/pbs.twimg.com\/card_img\/1670816001624276992\/8ZBfWRVF?format=jpg&amp;name=small\" alt=\"\"\/><\/figure>\n\n\n\n<p class=\"wp-block-paragraph\">En cuatro temporadas con los Timbers, McGraw ha hecho 50 apariciones en la temporada regular (30 como titular) y ha marcado dos goles. Esta temporada, McGraw ha jugado la segunda mayor cantidad de minutos del equipo (1.516) y lidera a los Timbers en tapones (19), intercepciones (32) y duelos a\u00e9reos ganados (53). <\/p>\n\n\n\n<p class=\"wp-block-paragraph\">El defensor de 26 a\u00f1os fue seleccionado por Portland en la tercera ronda (68\u00b0 en la general) del Superdraft de la MLS 2020, convirti\u00e9ndose en el primer jugador del Ej\u00e9rcito reclutado en la historia de la MLS.<\/p>\n\n\n\n<p class=\"wp-block-paragraph\">Jugando en el Grupo D de la Copa Oro 2023, el primer partido de Canad\u00e1 est\u00e1 programado para el 27 de junio en el BMO Field en Toronto, Ontario.<\/p>\n\n\n\n<p class=\"wp-block-paragraph\">El inicio est\u00e1 programado para las 4 p.m. (Pac\u00edfico) y el oponente para el partido se decidir\u00e1 en la etapa preliminar del torneo. <\/p>\n\n\n\n<p class=\"wp-block-paragraph\">Canad\u00e1 luego se enfrentar\u00e1 a Guatemala el 1 de julio a las 6:30 p.m. (Pac\u00edfico), seguido de su \u00faltimo partido de la fase de grupos contra Cuba el 4 de julio a las 15:30 horas. (Pac\u00edfico). Ambos partidos se jugar\u00e1n en el Shell Energy Stadium de Houston, Texas.<\/p>\n\n\n\n<figure class=\"wp-block-image\"><img decoding=\"async\" src=\"https:\/\/pbs.twimg.com\/media\/Fy_nl-aWcAQsLsE?format=jpg&amp;name=small\" alt=\"Imagen\"\/><\/figure>\n","protected":false},"excerpt":{"rendered":"<p>Deporte de Primera USA El defensa de los Portland Timbers, Zac McGraw, ha sido convocado&#8230;<\/p>\n","protected":false},"author":1,"featured_media":105901,"comment_status":"closed","ping_status":"open","sticky":false,"template":"","format":"standard","meta":{"footnotes":""},"categories":[],"tags":[],"class_list":["post-105900","post","type-post","status-publish","format-standard","has-post-thumbnail","hentry"],"_links":{"self":[{"href":"https:\/\/www.deportedeprimera.com\/index.php\/wp-json\/wp\/v2\/posts\/105900","targetHints":{"allow":["GET"]}}],"collection":[{"href":"https:\/\/www.deportedeprimera.com\/index.php\/wp-json\/wp\/v2\/posts"}],"about":[{"href":"https:\/\/www.deportedeprimera.com\/index.php\/wp-json\/wp\/v2\/types\/post"}],"author":[{"embeddable":true,"href":"https:\/\/www.deportedeprimera.com\/index.php\/wp-json\/wp\/v2\/users\/1"}],"replies":[{"embeddable":true,"href":"https:\/\/www.deportedeprimera.com\/index.php\/wp-json\/wp\/v2\/comments?post=105900"}],"version-history":[{"count":1,"href":"https:\/\/www.deportedeprimera.com\/index.php\/wp-json\/wp\/v2\/posts\/105900\/revisions"}],"predecessor-version":[{"id":105902,"href":"https:\/\/www.deportedeprimera.com\/index.php\/wp-json\/wp\/v2\/posts\/105900\/revisions\/105902"}],"wp:featuredmedia":[{"embeddable":true,"href":"https:\/\/www.deportedeprimera.com\/index.php\/wp-json\/wp\/v2\/media\/105901"}],"wp:attachment":[{"href":"https:\/\/www.deportedeprimera.com\/index.php\/wp-json\/wp\/v2\/media?parent=105900"}],"wp:term":[{"taxonomy":"category","embeddable":true,"href":"https:\/\/www.deportedeprimera.com\/index.php\/wp-json\/wp\/v2\/categories?post=105900"},{"taxonomy":"post_tag","embeddable":true,"href":"https:\/\/www.deportedeprimera.com\/index.php\/wp-json\/wp\/v2\/tags?post=105900"}],"curies":[{"name":"wp","href":"https:\/\/api.w.org\/{rel}","templated":true}]}}