{"id":105888,"date":"2023-06-18T19:46:33","date_gmt":"2023-06-18T23:46:33","guid":{"rendered":"https:\/\/deportedeprimera.com\/?p=105888"},"modified":"2023-06-18T19:46:33","modified_gmt":"2023-06-18T23:46:33","slug":"el-tenista-boliviano-juan-carlos-prado-suena-con-llegar-a-los-juegos-olimpicos","status":"publish","type":"post","link":"https:\/\/www.deportedeprimera.com\/index.php\/2023\/06\/18\/el-tenista-boliviano-juan-carlos-prado-suena-con-llegar-a-los-juegos-olimpicos\/","title":{"rendered":"El tenista boliviano Juan Carlos Prado sue\u00f1a con llegar a los Juegos Ol\u00edmpicos"},"content":{"rendered":"\n<p class=\"wp-block-paragraph\"><strong><kbd>Deporte de Primera USA<\/kbd><\/strong> <strong><kbd>Con informaci\u00f3n de Agencias<\/kbd><\/strong><\/p>\n\n\n\n<p class=\"wp-block-paragraph\">El tenista boliviano Juan Carlos Prado ha recibido una avalancha de cari\u00f1o en su tierra tras rozar la gloria en Roland Garros y, con 18 a\u00f1os, se siente motivado para continuar haciendo carrera profesional, codearse con los mejores y sue\u00f1a con representar a su pa\u00eds en los Juegos Ol\u00edmpicos.<\/p>\n\n\n\n<p class=\"wp-block-paragraph\">El d\u00eda despu\u00e9s de haber ca\u00eddo ante el croata Dino Prizmic en la final del torneo j\u00fanior de Roland Garros, Prado qued\u00f3 \u00abun poco triste por el resultado\u00bb, pero a la vez ha sido \u00abmuy bonito\u00bb todo lo que ha estado viviendo por los mensajes que le llegaron y el recibimiento que tuvo al llegar a Bolivia, coment\u00f3 el joven a EFE.<\/p>\n\n\n\n<p class=\"wp-block-paragraph\">Nacido en la ciudad oriental de Santa Cruz, la mayor del pa\u00eds, Prado comenz\u00f3 a jugar tenis como un pasatiempo en la cancha del condominio donde viv\u00eda de ni\u00f1o y como le gust\u00f3, empez\u00f3 a practicar el deporte en serio.<\/p>\n\n\n\n<figure class=\"wp-block-image\"><img decoding=\"async\" src=\"https:\/\/pbs.twimg.com\/media\/FybVDgGWcAcKvI9?format=jpg&amp;name=medium\" alt=\"Imagen\"\/><\/figure>\n","protected":false},"excerpt":{"rendered":"<p>Deporte de Primera USA Con informaci\u00f3n de Agencias El tenista boliviano Juan Carlos Prado ha&#8230;<\/p>\n","protected":false},"author":1,"featured_media":105889,"comment_status":"closed","ping_status":"open","sticky":false,"template":"","format":"standard","meta":{"footnotes":""},"categories":[],"tags":[],"class_list":["post-105888","post","type-post","status-publish","format-standard","has-post-thumbnail","hentry"],"_links":{"self":[{"href":"https:\/\/www.deportedeprimera.com\/index.php\/wp-json\/wp\/v2\/posts\/105888","targetHints":{"allow":["GET"]}}],"collection":[{"href":"https:\/\/www.deportedeprimera.com\/index.php\/wp-json\/wp\/v2\/posts"}],"about":[{"href":"https:\/\/www.deportedeprimera.com\/index.php\/wp-json\/wp\/v2\/types\/post"}],"author":[{"embeddable":true,"href":"https:\/\/www.deportedeprimera.com\/index.php\/wp-json\/wp\/v2\/users\/1"}],"replies":[{"embeddable":true,"href":"https:\/\/www.deportedeprimera.com\/index.php\/wp-json\/wp\/v2\/comments?post=105888"}],"version-history":[{"count":1,"href":"https:\/\/www.deportedeprimera.com\/index.php\/wp-json\/wp\/v2\/posts\/105888\/revisions"}],"predecessor-version":[{"id":105890,"href":"https:\/\/www.deportedeprimera.com\/index.php\/wp-json\/wp\/v2\/posts\/105888\/revisions\/105890"}],"wp:featuredmedia":[{"embeddable":true,"href":"https:\/\/www.deportedeprimera.com\/index.php\/wp-json\/wp\/v2\/media\/105889"}],"wp:attachment":[{"href":"https:\/\/www.deportedeprimera.com\/index.php\/wp-json\/wp\/v2\/media?parent=105888"}],"wp:term":[{"taxonomy":"category","embeddable":true,"href":"https:\/\/www.deportedeprimera.com\/index.php\/wp-json\/wp\/v2\/categories?post=105888"},{"taxonomy":"post_tag","embeddable":true,"href":"https:\/\/www.deportedeprimera.com\/index.php\/wp-json\/wp\/v2\/tags?post=105888"}],"curies":[{"name":"wp","href":"https:\/\/api.w.org\/{rel}","templated":true}]}}