{"id":105884,"date":"2023-06-18T19:42:50","date_gmt":"2023-06-18T23:42:50","guid":{"rendered":"https:\/\/deportedeprimera.com\/?p=105884"},"modified":"2023-06-18T19:43:09","modified_gmt":"2023-06-18T23:43:09","slug":"espana-vuelve-a-saborear-el-exito-once-anos-y-se-consagra-campeona-de-la-liga-de-naciones","status":"publish","type":"post","link":"https:\/\/www.deportedeprimera.com\/index.php\/2023\/06\/18\/espana-vuelve-a-saborear-el-exito-once-anos-y-se-consagra-campeona-de-la-liga-de-naciones\/","title":{"rendered":"Espa\u00f1a vuelve a saborear el \u00e9xito once a\u00f1os despu\u00e9s y se consagra campeona de la Liga de Naciones"},"content":{"rendered":"\n<p class=\"wp-block-paragraph\"><strong><kbd>Deportes de Primera USA<\/kbd><\/strong> <strong><kbd>Con informaci\u00f3n de Agencias<\/kbd><\/strong><\/p>\n\n\n\n<p class=\"wp-block-paragraph\"><strong><em>La tanda de penaltis que provoc\u00f3 la eliminaci\u00f3n de Espa\u00f1a en los dos \u00faltimos Mundiales y la \u00faltima Eurocopa, las dos paradas decisivas de Unai Sim\u00f3n y el lanzamiento final repleto de calma de Dani Carvajal, dieron la Liga de Naciones a un equipo que once a\u00f1os despu\u00e9s vuelve a saborear el \u00e9xito y dej\u00f3 de nuevo a las puertas de la gloria a la combativa Croacia de Luka Modric. <\/em><\/strong><\/p>\n\n\n\n<figure class=\"wp-block-image\"><img decoding=\"async\" src=\"https:\/\/pbs.twimg.com\/media\/Fy8OYbUWwAQzLOh?format=jpg&amp;name=large\" alt=\"Imagen\"\/><\/figure>\n\n\n\n<p class=\"wp-block-paragraph\">El quinto t\u00edtulo de la historia de la selecci\u00f3n espa\u00f1ola cambi\u00f3 su historia reciente. Los proyectos que se desplomaron desde el punto de penalti. Los sue\u00f1os de las grandes citas que quedaron en el camino. Con impotencia en los dos \u00faltimos Mundiales. Con injusticia ante Italia en la \u00faltima Eurocopa. La moneda cay\u00f3 de cara en esta ocasi\u00f3n para un grupo de jugadores que resucitaron el gen ganador y respondieron con grandeza a la m\u00e1xima exigencia en tiempos de cambio.<\/p>\n\n\n\n<p class=\"wp-block-paragraph\">Una Espa\u00f1a en formaci\u00f3n ante una Croacia rodada. A la altura de una gran final y de lo que significa un t\u00edtulo deseado por las dos selecciones. El impulso que necesitaba Luis de la Fuente para dar empaque a su figura; el culmen a la carrera de Luka Modric, a quien solo le falta un trofeo con su selecci\u00f3n. Con 37 a\u00f1os, sabiendo que en su club se esperaba su retirada tras el Mundial. Pero no hay nada m\u00e1s especial para un croata que su sentimiento patrio.<\/p>\n\n\n\n<figure class=\"wp-block-image\"><img decoding=\"async\" src=\"https:\/\/pbs.twimg.com\/media\/Fy8OZNyWwAAdBFq?format=jpg&amp;name=large\" alt=\"Imagen\"\/><\/figure>\n\n\n\n<p class=\"wp-block-paragraph\">Dirige Modric un ej\u00e9rcito de guerreros que convierte cada partido en una batalla final. Para derrotar a Croacia hay que situarse a su nivel de exigencia y entrega. Y Espa\u00f1a lo estuvo, con un gen competitivo por encima de un estilo a media definici\u00f3n con De la Fuente. Ha perdido sello respecto a Luis Enrique. Ha ganado variedad con mayor flexibilidad.<\/p>\n\n\n\n<p class=\"wp-block-paragraph\">La aparici\u00f3n de Fabi\u00e1n, descartar al cuarto partido lo que parec\u00eda intocable, la pareja Rodri-Mikel Merino, fue la apuesta de Luis de la Fuente ante el planteamiento croata. Las l\u00edneas juntas invitaban a la presencia de un futbolista con buen pie entre l\u00edneas. Gavi garantiza la lucha pero la asociaci\u00f3n aumentaba con la entrada de un jugador que aument\u00f3 el sentido de la posesi\u00f3n.<\/p>\n\n\n\n<figure class=\"wp-block-image\"><img decoding=\"async\" src=\"https:\/\/pbs.twimg.com\/media\/Fy8OaMwXgAMaV1f?format=jpg&amp;name=large\" alt=\"Imagen\"\/><\/figure>\n\n\n\n<p class=\"wp-block-paragraph\">A Espa\u00f1a le falt\u00f3 colmillo hasta la recta final, m\u00e1s atrevimiento de Yeremy Pino cuando puedo encarar al lateral y m\u00e1s apariciones de Marco Asensio en el primer acto ante un rival que no concede. Era la segunda y \u00faltima novedad del once, apagado de inicio, de menos a m\u00e1s en el partido ante la exigencia en uno de esos d\u00edas en los que el 10 debe lanzar un grito de liderazgo. Lo intent\u00f3 Modric, al mando del juego croata, buscando el pase en largo a los contragolpes cuando pudo, a las carreras de Perisic y la movilidad arriba de Kramaric.<\/p>\n\n\n\n<p class=\"wp-block-paragraph\">La intensidad y dureza de la final evit\u00f3 acciones de peligro hasta que el desgaste entr\u00f3 en escena. La mayor naci\u00f3 de un centro de Fabi\u00e1n, y de un error, del portero Livakovic a quien salv\u00f3 el poste. O de un exceso de confianza en salida de bal\u00f3n, con la picard\u00eda de Gavi para robar y armar el disparo ajustado al poste. Pero Croacia juega sin prisa, sinti\u00e9ndose experto en pr\u00f3rrogas y situaciones l\u00edmites. Hasta ocho en sus once \u00faltimos partidos de eliminaci\u00f3n directa.<\/p>\n\n\n\n<p class=\"wp-block-paragraph\">Hace largos los encuentros y no forz\u00f3 cuando sinti\u00f3 seguridad en la reci\u00e9n estrenada defensa espa\u00f1ola. Con Laporte y Le Normand enton\u00e1ndose. Un solo error a sus espaldas que corrigi\u00f3 a tiempo Laporte evitando el gol de Kramaric, desviando su disparo. Dos remates de Perisic, insaciable en sus subidas en la izquierda, dieron confianza a la firmeza de Unai Sim\u00f3n.<\/p>\n\n\n\n<figure class=\"wp-block-image\"><img decoding=\"async\" src=\"https:\/\/pbs.twimg.com\/media\/Fy8EHRuXgAIMftU?format=jpg&amp;name=large\" alt=\"Imagen\"\/><\/figure>\n\n\n\n<p class=\"wp-block-paragraph\">A Espa\u00f1a le falt\u00f3 sumar al dominio desequilibrio y velocidad. Cuando la meti\u00f3 Jordi Alba encontr\u00f3 el remate de Morata pero una acci\u00f3n aislada ante el 4-1-4-1 que plant\u00f3 Croacia. Sellada y casi impenetrable. Deb\u00eda decidir cuando dar el paso al frente a por el t\u00edtulo, consciente del riesgo que tiene ante una Espa\u00f1a que maneja bien la transici\u00f3n. Al hacerlo en el segundo acto creci\u00f3 la figura de Rodri, experto en dar sentido a las jugadas con un solo toque.<\/p>\n\n\n\n<p class=\"wp-block-paragraph\">El partido, repleto de igualdad, se decidir\u00eda por un detalle. Lo busc\u00f3 Croacia con la insistencia de Perisic, pero Juranovic cruz\u00f3 en exceso su disparo. Y la tuvo Asensio de la misma manera, con la subida de otro lateral, Jordi Alba, pero no precis\u00f3 su cabezazo en la mejor ocasi\u00f3n de Espa\u00f1a que no encontraba porter\u00eda rival. Y eso que Rodri busc\u00f3 el broche a su temporada inolvidable con un disparo lejano que rond\u00f3 el gol y Asensio la cruz\u00f3 cuando Ansu aument\u00f3 la verticalidad.<\/p>\n\n\n\n<p class=\"wp-block-paragraph\">Fueron momentos en los que Espa\u00f1a se hizo merecedora del t\u00edtulo. Acab\u00f3 asfixiando a una Croacia que firmaba la pr\u00f3rroga. Y la tuvo porque Perisic salv\u00f3 en boca de gol el tanto de Ansu, con todo para marcar tras la acci\u00f3n de Alba y Mikel Merino. De nuevo los cambios le funcionaban a De la Fuente, su lectura de un partido que estuvo en el \u00faltimo suspiro en la bota derecha de Asensio. El pase picado de Navas lo cruz\u00f3 y no evit\u00f3 el tiempo a\u00f1adido.<\/p>\n\n\n\n<p class=\"wp-block-paragraph\">Una temporada de locura para los jugadores, con un Mundial en invierno, se cerrar\u00eda con una pr\u00f3rroga al todo o nada. El terreno de los especialistas croatas que hacen honor a la resilencia y de la nada sacan fuerzas para acariciar el triunfo. Permiti\u00f3 a Majer marcharse en velocidad y exigir a Nacho, que hab\u00eda entrado por lesi\u00f3n de Le Normand, firmar una acci\u00f3n que salv\u00f3 el partido y casi le cuesta el f\u00edsico. Lanz\u00e1ndose con todo para evitar el disparo a placer.<\/p>\n\n\n\n<figure class=\"wp-block-image\"><img decoding=\"async\" src=\"https:\/\/pbs.twimg.com\/media\/Fy8EYjcX0AELVp2?format=jpg&amp;name=large\" alt=\"Imagen\"\/><\/figure>\n\n\n\n<p class=\"wp-block-paragraph\">Con los jugadores al l\u00edmite, cada parte de la pr\u00f3rroga fue para un equipo. Tras aparecer Unai ante Brozovic, Espa\u00f1a se impuso al ambiente en contra. Dani Olmo, que reaparec\u00eda, perdon\u00f3 dos que habr\u00edan evitado la loter\u00eda de los penaltis que tan mal recuerdo reciente hab\u00edan dejado a Espa\u00f1a. Y Rodri, con otros dos disparos, estuvo a un paso de repetir el papel de h\u00e9roe en la final de \u2018Champions\u2019 del City.<\/p>\n\n\n\n<p class=\"wp-block-paragraph\">No hubo formas de evitarlos y, en esta ocasi\u00f3n de disfrutarlos. Con la emoci\u00f3n de desperdiciar la primera oportunidad de ganar, con el penalti fallado por Laporte, pero el \u00e9xtasis final con el premio a Carvajal que ten\u00eda una cuenta pendiente con las citas decisivas de la selecci\u00f3n. Croacia se qued\u00f3 de nuevo a las puertas. Espa\u00f1a vuelve a reinar once a\u00f1os despu\u00e9s en el que sue\u00f1an que sea inicio de un nuevo ciclo de gloria.<\/p>\n\n\n\n<figure class=\"wp-block-image is-resized\"><img loading=\"lazy\" decoding=\"async\" src=\"https:\/\/pbs.twimg.com\/media\/Fy8DfwYX0AAmULH?format=jpg&amp;name=large\" alt=\"Imagen\" width=\"936\" height=\"623\"\/><\/figure>\n\n\n\n<p class=\"wp-block-paragraph\"><strong>. Ficha t\u00e9cnica:<\/strong><\/p>\n\n\n\n<p class=\"wp-block-paragraph\"><strong>0 \u2013 Croacia:<\/strong>&nbsp;Livakovic; Juranovic, Sutalo, Erlic, Perisic; Brozovic, Modric, Kovacic; Pasalic (Petkovic, m.61), Ivanusec (Vlasic, m.78) y Kramaric (Majer, m.91).<\/p>\n\n\n\n<p class=\"wp-block-paragraph\"><strong>0 \u2013 Espa\u00f1a:<\/strong>&nbsp;Unai Sim\u00f3n; Jes\u00fas Navas (Carvajal, m.97), Le Normand (Nacho, m.78), Laporte, Jordi Alba; Rodri, Fabi\u00e1n (Mikel Merino, m.78), Gavi (Dani Olmo, m.87); Marco Asensio, Yeremy Pino (Ansu Fati, m.66) y Morata (Joselu, m.66).<\/p>\n\n\n\n<p class=\"wp-block-paragraph\"><strong>Penaltis: 1-0, Vlasic. 1-1, Joselu. 2-1, Brozovic. 2-2, Rodri. 3-2, Modric. 3-3, Mikel Merino. 3-3, Mayer falla. 3-4, Asensio. 4-4, Perisic. 4-4, Laporte falla. 4-4, Petkovic falla. 4-5, Carvajal.<\/strong><\/p>\n\n\n\n<p class=\"wp-block-paragraph\">\u00c1rbitro: Felix Zwayer (Alemania). Amonest\u00f3 a Gavi (80), Nacho (96) y Rodri (97) por Espa\u00f1a; y a Petkovic (91) por Croacia.<\/p>\n\n\n\n<p class=\"wp-block-paragraph\">Incidencias: final de la tercera edici\u00f3n de la Liga de Naciones, disputado en \u2018De Kuip\u2019, lleno, con 51.000 espectadores en sus gradas, 6.000 espa\u00f1oles.<\/p>\n\n\n\n<figure class=\"wp-block-image\"><img decoding=\"async\" src=\"https:\/\/pbs.twimg.com\/media\/Fy8OZmTWwAADrIp?format=jpg&amp;name=large\" alt=\"Imagen\"\/><\/figure>\n","protected":false},"excerpt":{"rendered":"<p>Deportes de Primera USA Con informaci\u00f3n de Agencias La tanda de penaltis que provoc\u00f3 la&#8230;<\/p>\n","protected":false},"author":1,"featured_media":105885,"comment_status":"closed","ping_status":"open","sticky":false,"template":"","format":"standard","meta":{"footnotes":""},"categories":[],"tags":[],"class_list":["post-105884","post","type-post","status-publish","format-standard","has-post-thumbnail","hentry"],"_links":{"self":[{"href":"https:\/\/www.deportedeprimera.com\/index.php\/wp-json\/wp\/v2\/posts\/105884","targetHints":{"allow":["GET"]}}],"collection":[{"href":"https:\/\/www.deportedeprimera.com\/index.php\/wp-json\/wp\/v2\/posts"}],"about":[{"href":"https:\/\/www.deportedeprimera.com\/index.php\/wp-json\/wp\/v2\/types\/post"}],"author":[{"embeddable":true,"href":"https:\/\/www.deportedeprimera.com\/index.php\/wp-json\/wp\/v2\/users\/1"}],"replies":[{"embeddable":true,"href":"https:\/\/www.deportedeprimera.com\/index.php\/wp-json\/wp\/v2\/comments?post=105884"}],"version-history":[{"count":2,"href":"https:\/\/www.deportedeprimera.com\/index.php\/wp-json\/wp\/v2\/posts\/105884\/revisions"}],"predecessor-version":[{"id":105887,"href":"https:\/\/www.deportedeprimera.com\/index.php\/wp-json\/wp\/v2\/posts\/105884\/revisions\/105887"}],"wp:featuredmedia":[{"embeddable":true,"href":"https:\/\/www.deportedeprimera.com\/index.php\/wp-json\/wp\/v2\/media\/105885"}],"wp:attachment":[{"href":"https:\/\/www.deportedeprimera.com\/index.php\/wp-json\/wp\/v2\/media?parent=105884"}],"wp:term":[{"taxonomy":"category","embeddable":true,"href":"https:\/\/www.deportedeprimera.com\/index.php\/wp-json\/wp\/v2\/categories?post=105884"},{"taxonomy":"post_tag","embeddable":true,"href":"https:\/\/www.deportedeprimera.com\/index.php\/wp-json\/wp\/v2\/tags?post=105884"}],"curies":[{"name":"wp","href":"https:\/\/api.w.org\/{rel}","templated":true}]}}