{"id":105852,"date":"2023-06-17T14:39:03","date_gmt":"2023-06-17T18:39:03","guid":{"rendered":"https:\/\/deportedeprimera.com\/?p=105852"},"modified":"2023-06-17T14:39:03","modified_gmt":"2023-06-17T18:39:03","slug":"ee-uu-va-por-el-bicampeonato-de-la-liga-de-naciones-concacaf","status":"publish","type":"post","link":"https:\/\/www.deportedeprimera.com\/index.php\/2023\/06\/17\/ee-uu-va-por-el-bicampeonato-de-la-liga-de-naciones-concacaf\/","title":{"rendered":"EE.UU. va por el bicampeonato de la Liga de Naciones Concacaf"},"content":{"rendered":"\n<p class=\"wp-block-paragraph\"><strong><kbd>Deporte de Primera USA<\/kbd><\/strong> <strong><kbd>Con informaci\u00f3n de EFE Deportes<\/kbd><\/strong><\/p>\n\n\n\n<p class=\"wp-block-paragraph\"><strong><em>Campe\u00f3n de la primera edici\u00f3n de la Liga de Naciones CONCACAF en 2021, Estados Unidos intentar\u00e1 revalidar el t\u00edtulo de este torneo este domingo en una final en la que se medir\u00e1 a Canad\u00e1, que en los \u00faltimos a\u00f1os ha amenazado la tradicional superioridad regional de estadounidenses y mexicanos. El Allegiant Stadium de Las Vegas (EE.UU.) acoge este domingo la final de la Liga de Naciones a partir de las 17.30 horas (00.30 GMT\/02.30 CET del lunes).<\/em><\/strong><\/p>\n\n\n\n<figure class=\"wp-block-image is-resized\"><img loading=\"lazy\" decoding=\"async\" src=\"https:\/\/pbs.twimg.com\/media\/Fyt2dbBXsAADYvq?format=jpg&amp;name=medium\" alt=\"Imagen\" width=\"1040\" height=\"693\"\/><\/figure>\n\n\n\n<p class=\"wp-block-paragraph\">As\u00ed, la selecci\u00f3n canadiense dobleg\u00f3 0-2 a Panam\u00e1, con bastante comodidad y sin forzar la m\u00e1quina, gracias a los tantos deJonathan David y Alphonso Davies.<\/p>\n\n\n\n<p class=\"wp-block-paragraph\">Frente a la relativa tranquilidad de Canad\u00e1, EE.UU., que tritur\u00f3 por 3-0 a M\u00e9xico, vivi\u00f3 un partido muy turbulento y tenso que acab\u00f3 con dos expulsados por cada equipo tras numerosas broncas y que adem\u00e1s fue suspendido cuando a\u00fan quedaban unos minutos del descuento de la segunda mitad por los gritos hom\u00f3fobos en espa\u00f1ol que se escucharon de forma constante desde la grada. <\/p>\n\n\n\n<p class=\"wp-block-paragraph\">Christian Pulisin con un doblete y Ricardo Pepi anotaron para el combinado de barras y estrellas.<\/p>\n\n\n\n<p class=\"wp-block-paragraph\">Las expulsiones por roja directa de Weston McKennie \u00a0y Sergi\u00f1o Dest ante M\u00e9xico obligar\u00e1n a EE.UU. a hacer cambios en su once inicial con Joe Scally\u00a0y Luca de la Torre como probables sustitutos.<\/p>\n\n\n\n<p class=\"wp-block-paragraph\">EE.UU. ha dado noticias estos d\u00edas tanto dentro como fuera del campo ya que el viernes se anunci\u00f3 que Gregg Berhalter regresar\u00e1 como seleccionador.<\/p>\n\n\n\n<p class=\"wp-block-paragraph\">No obstante, B.J. Callaghan, t\u00e9cnico interino al frente del equipo en estos momentos, no solo dirigir\u00e1 a EE.UU. en la final de la Liga de Naciones sino que tambi\u00e9n ser\u00e1 el referente de la selecci\u00f3n durante la inminente Copa Oro que se jugar\u00e1 este verano.<\/p>\n\n\n\n<p class=\"wp-block-paragraph\">En cuanto a Canad\u00e1, la selecci\u00f3n entrenada por John Herdman tratar\u00e1 de consolidar su crecimiento en los \u00faltimos a\u00f1os y disputar\u00e1 su primera final de un torneo de la Concacaf desde que se proclam\u00f3 campeona de la Copa Oro en 2000.<\/p>\n\n\n\n<p class=\"wp-block-paragraph\">Su principal figura, Alphonso Davies (Bayern de M\u00fanich), no fue titular ante Panam\u00e1 ya que arrastraba unas molestas y disput\u00f3 solo el \u00faltimo tercio del partido -en el que marc\u00f3 un gol-, pero se espera que salga de inicio frente a EE.UU.<\/p>\n\n\n\n<p class=\"wp-block-paragraph\">La selecci\u00f3n estadounidense domina el balance hist\u00f3rico con 17 triunfos frente a 11 derrotas y 12 empates, pero Canad\u00e1 se llev\u00f3 el \u00faltimo enfrentamiento ante EE.UU. por 2-0 en enero de 2022.<\/p>\n\n\n\n<figure class=\"wp-block-image\"><img decoding=\"async\" src=\"https:\/\/pbs.twimg.com\/media\/Fyt2fNAX0AMMm5W?format=jpg&amp;name=large\" alt=\"Imagen\"\/><\/figure>\n","protected":false},"excerpt":{"rendered":"<p>Deporte de Primera USA Con informaci\u00f3n de EFE Deportes Campe\u00f3n de la primera edici\u00f3n de&#8230;<\/p>\n","protected":false},"author":1,"featured_media":105853,"comment_status":"closed","ping_status":"open","sticky":false,"template":"","format":"standard","meta":{"footnotes":""},"categories":[],"tags":[],"class_list":["post-105852","post","type-post","status-publish","format-standard","has-post-thumbnail","hentry"],"_links":{"self":[{"href":"https:\/\/www.deportedeprimera.com\/index.php\/wp-json\/wp\/v2\/posts\/105852","targetHints":{"allow":["GET"]}}],"collection":[{"href":"https:\/\/www.deportedeprimera.com\/index.php\/wp-json\/wp\/v2\/posts"}],"about":[{"href":"https:\/\/www.deportedeprimera.com\/index.php\/wp-json\/wp\/v2\/types\/post"}],"author":[{"embeddable":true,"href":"https:\/\/www.deportedeprimera.com\/index.php\/wp-json\/wp\/v2\/users\/1"}],"replies":[{"embeddable":true,"href":"https:\/\/www.deportedeprimera.com\/index.php\/wp-json\/wp\/v2\/comments?post=105852"}],"version-history":[{"count":1,"href":"https:\/\/www.deportedeprimera.com\/index.php\/wp-json\/wp\/v2\/posts\/105852\/revisions"}],"predecessor-version":[{"id":105854,"href":"https:\/\/www.deportedeprimera.com\/index.php\/wp-json\/wp\/v2\/posts\/105852\/revisions\/105854"}],"wp:featuredmedia":[{"embeddable":true,"href":"https:\/\/www.deportedeprimera.com\/index.php\/wp-json\/wp\/v2\/media\/105853"}],"wp:attachment":[{"href":"https:\/\/www.deportedeprimera.com\/index.php\/wp-json\/wp\/v2\/media?parent=105852"}],"wp:term":[{"taxonomy":"category","embeddable":true,"href":"https:\/\/www.deportedeprimera.com\/index.php\/wp-json\/wp\/v2\/categories?post=105852"},{"taxonomy":"post_tag","embeddable":true,"href":"https:\/\/www.deportedeprimera.com\/index.php\/wp-json\/wp\/v2\/tags?post=105852"}],"curies":[{"name":"wp","href":"https:\/\/api.w.org\/{rel}","templated":true}]}}