{"id":105837,"date":"2023-06-15T17:05:01","date_gmt":"2023-06-15T21:05:01","guid":{"rendered":"https:\/\/deportedeprimera.com\/?p=105837"},"modified":"2023-06-15T17:05:02","modified_gmt":"2023-06-15T21:05:02","slug":"espana-tumba-a-italia-2-1-y-se-enfrentara-a-croacia-en-la-final-de-la-liga-de-naciones","status":"publish","type":"post","link":"https:\/\/www.deportedeprimera.com\/index.php\/2023\/06\/15\/espana-tumba-a-italia-2-1-y-se-enfrentara-a-croacia-en-la-final-de-la-liga-de-naciones\/","title":{"rendered":"Espa\u00f1a tumba a Italia (2-1) y se enfrentar\u00e1 a Croacia en la final de la Liga de Naciones"},"content":{"rendered":"\n<p class=\"wp-block-paragraph\"><strong><kbd>Deporte de Primera USA<\/kbd><\/strong> <strong><kbd>Con informaci\u00f3n de EFE Deportes<\/kbd><\/strong><\/p>\n\n\n\n<p class=\"wp-block-paragraph\"><strong><em>Un tanto de Joselu Mato en el minuto 88, aprovechando un rechace tras un disparo de Rodri Hern\u00e1ndez, dio el triunfo a la selecci\u00f3n espa\u00f1ola ante la de Italia (2-1) y el acceso a la final de la Liga de Naciones 2023 ante Croacia en R\u00f3terdam el domingo.<\/em><\/strong><\/p>\n\n\n\n<figure class=\"wp-block-image\"><img decoding=\"async\" src=\"https:\/\/pbs.twimg.com\/media\/FysQFeiWwAMSJhk?format=jpg&amp;name=large\" alt=\"Imagen\"\/><\/figure>\n\n\n\n<figure class=\"wp-block-image\"><img decoding=\"async\" src=\"https:\/\/s.yimg.com\/ny\/api\/res\/1.2\/V4QnHnFCoJRgZw1ZHwjGpw--\/YXBwaWQ9aGlnaGxhbmRlcjt3PTk2MDtoPTY0MDtjZj13ZWJw\/https:\/\/media.zenfs.com\/es\/efe.es\/85996edbd9992ec1e17160bf84b9d8e2\" alt=\"\"\/><\/figure>\n\n\n\n<p class=\"wp-block-paragraph\">Cuando el duelo se encaminaba a la pr\u00f3rroga, como en la primera semifinal entre Pa\u00edses Bajos y Croacia, Joselu firm\u00f3 su tercer tanto en su tercer partido como internacional para dar el triunfo a Espa\u00f1a.<\/p>\n\n\n\n<figure class=\"wp-block-image\"><img decoding=\"async\" src=\"https:\/\/pbs.twimg.com\/media\/FysQFd-XwAE-x12?format=jpg&amp;name=large\" alt=\"Imagen\"\/><\/figure>\n\n\n\n<figure class=\"wp-block-image\"><img decoding=\"async\" src=\"https:\/\/s.yimg.com\/ny\/api\/res\/1.2\/j_7giLyrYEKwbyvMuhrhOQ--\/YXBwaWQ9aGlnaGxhbmRlcjt3PTk2MDtoPTY0MDtjZj13ZWJw\/https:\/\/media.zenfs.com\/es\/efe.es\/6e1ed17e4172af182e4d889c18321922\" alt=\"\"\/><\/figure>\n\n\n\n<p class=\"wp-block-paragraph\">Yeremy Pino y Ciro Inmobile, de penalti, hab\u00edan marcado los goles en el primer acto. La selecci\u00f3n espa\u00f1ola disputar\u00e1 su segunda final en tres ediciones de la Liga de Naciones.<\/p>\n\n\n\n<p class=\"wp-block-paragraph\">(c) Agencia EFE<\/p>\n","protected":false},"excerpt":{"rendered":"<p>Deporte de Primera USA Con informaci\u00f3n de EFE Deportes Un tanto de Joselu Mato en&#8230;<\/p>\n","protected":false},"author":1,"featured_media":105838,"comment_status":"closed","ping_status":"open","sticky":false,"template":"","format":"standard","meta":{"footnotes":""},"categories":[],"tags":[],"class_list":["post-105837","post","type-post","status-publish","format-standard","has-post-thumbnail","hentry"],"_links":{"self":[{"href":"https:\/\/www.deportedeprimera.com\/index.php\/wp-json\/wp\/v2\/posts\/105837","targetHints":{"allow":["GET"]}}],"collection":[{"href":"https:\/\/www.deportedeprimera.com\/index.php\/wp-json\/wp\/v2\/posts"}],"about":[{"href":"https:\/\/www.deportedeprimera.com\/index.php\/wp-json\/wp\/v2\/types\/post"}],"author":[{"embeddable":true,"href":"https:\/\/www.deportedeprimera.com\/index.php\/wp-json\/wp\/v2\/users\/1"}],"replies":[{"embeddable":true,"href":"https:\/\/www.deportedeprimera.com\/index.php\/wp-json\/wp\/v2\/comments?post=105837"}],"version-history":[{"count":1,"href":"https:\/\/www.deportedeprimera.com\/index.php\/wp-json\/wp\/v2\/posts\/105837\/revisions"}],"predecessor-version":[{"id":105839,"href":"https:\/\/www.deportedeprimera.com\/index.php\/wp-json\/wp\/v2\/posts\/105837\/revisions\/105839"}],"wp:featuredmedia":[{"embeddable":true,"href":"https:\/\/www.deportedeprimera.com\/index.php\/wp-json\/wp\/v2\/media\/105838"}],"wp:attachment":[{"href":"https:\/\/www.deportedeprimera.com\/index.php\/wp-json\/wp\/v2\/media?parent=105837"}],"wp:term":[{"taxonomy":"category","embeddable":true,"href":"https:\/\/www.deportedeprimera.com\/index.php\/wp-json\/wp\/v2\/categories?post=105837"},{"taxonomy":"post_tag","embeddable":true,"href":"https:\/\/www.deportedeprimera.com\/index.php\/wp-json\/wp\/v2\/tags?post=105837"}],"curies":[{"name":"wp","href":"https:\/\/api.w.org\/{rel}","templated":true}]}}