{"id":105834,"date":"2023-06-15T16:57:21","date_gmt":"2023-06-15T20:57:21","guid":{"rendered":"https:\/\/deportedeprimera.com\/?p=105834"},"modified":"2023-06-15T16:57:23","modified_gmt":"2023-06-15T20:57:23","slug":"ecuatoriano-caicedo-acaba-prestamo-en-turquia-pero-no-esta-en-planes-del-tecnico-de-tigres","status":"publish","type":"post","link":"https:\/\/www.deportedeprimera.com\/index.php\/2023\/06\/15\/ecuatoriano-caicedo-acaba-prestamo-en-turquia-pero-no-esta-en-planes-del-tecnico-de-tigres\/","title":{"rendered":"Ecuatoriano Caicedo acaba pr\u00e9stamo en Turqu\u00eda pero no est\u00e1 en planes del t\u00e9cnico de Tigres"},"content":{"rendered":"\n<p class=\"wp-block-paragraph\"><strong><kbd>Deporte de Primera USA<\/kbd><\/strong> <strong><kbd>Con informaci\u00f3n de EFE Deportes<\/kbd><\/strong><\/p>\n\n\n\n<p class=\"wp-block-paragraph\"><strong><em>El internacional ecuatoriano Jordy Caicedo termin\u00f3 su cesi\u00f3n con el Sivasspor turco y se report\u00f3 con los Tigres UANL de M\u00e9xico pero no entrar\u00e1 en los planes del uruguayo Robert Dante Siboldi, entrenador del equipo campe\u00f3n del f\u00fatbol mexicano. \u00abJordy es un jugador del club, termin\u00f3 su pr\u00e9stamo y se present\u00f3. Vamos a hacer los posible para que est\u00e9 bien f\u00edsicamente. Viajar\u00e1 a la pretemporada por si sale una posibilidad de otro equipo y en lo que venga en su futuro\u00bb, explic\u00f3 este jueves el estratega, en el primer d\u00eda de la pretemporada de los monarcas.<\/em><\/strong><\/p>\n\n\n\n<figure class=\"wp-block-image\"><img decoding=\"async\" src=\"https:\/\/pbs.twimg.com\/media\/FysBO2dX0AAQ9NI?format=jpg&amp;name=small\" alt=\"Imagen\"\/><\/figure>\n\n\n\n<p class=\"wp-block-paragraph\">Caicedo, delantero de 25 a\u00f1os, fich\u00f3 por los felinos en julio de 2022 y tras un semestre en el que disput\u00f3 16 partidos y anot\u00f3 un gol, fue cedido al Sivasspor, en donde en los \u00faltimos seis meses particip\u00f3 en 17 encuentros con tres tantos y una asistencia.<\/p>\n\n\n\n<p class=\"wp-block-paragraph\">El uruguayo no tiene intenciones de integrar a Caicedo no s\u00f3lo por el bajo nivel que demostr\u00f3 en su primera experiencia, sino porque a partir del siguiente torneo en M\u00e9xico, el Apertura 2023, cada cuadro de la liga tendr\u00e1 que desprenderse, por reglamento, de un futbolista extranjero.<\/p>\n\n\n\n<p class=\"wp-block-paragraph\">\u00abNo me gusta decir que nos sobra un extranjero, pero nos orillan a prescindir de uno. No queremos, pero lo tenemos que hacer. Estamos en el estudio de las opciones. No tenemos nada definido\u00bb, a\u00f1adi\u00f3 el estratega oriundo de Montevideo.<\/p>\n\n\n\n<p class=\"wp-block-paragraph\">Siboldi no descart\u00f3 que los Tigres fichen a un tercer refuerzo, despu\u00e9s de anunciar las altas de los mexicanos Felipe Rodr\u00edguez, guardameta, y Eugenio Pizzuto, centrocampista. El uruguayo admiti\u00f3 tener inter\u00e9s en el internacional mexicano Alexis Vega, figura de las Chivas del Guadalajara.<\/p>\n\n\n\n<figure class=\"wp-block-image\"><img decoding=\"async\" src=\"https:\/\/pbs.twimg.com\/media\/FyokJy6XoAELXEx?format=jpg&amp;name=small\" alt=\"Imagen\"\/><\/figure>\n\n\n\n<p class=\"wp-block-paragraph\">\u00abAlexis es un buen jugador, sin embargo, no creo que Guadalajara se desprenda de \u00e9l, a menos de que necesite dinero. Era una posibilidad, pero realmente no estoy esperanzado de que se d\u00e9\u00bb.<\/p>\n\n\n\n<p class=\"wp-block-paragraph\">Tras el t\u00edtulo del Clausura 2023, Siboldi se gan\u00f3 una renovaci\u00f3n de un a\u00f1o m\u00e1s al frente de los Tigres, a los que busca darle el primer bicampeonato de su historia y el noveno t\u00edtulo de liga en sus vitrinas, para empatar al Cruz Azul como el cuarto equipo m\u00e1s ganador del pa\u00eds.<\/p>\n\n\n\n<p class=\"wp-block-paragraph\">\u00abFue muy sencilla la renovaci\u00f3n, nada complicada. Hab\u00eda buena intenci\u00f3n de ambas partes y eso facilit\u00f3 mucho. Renovar un a\u00f1o fue lo mejor para ambas partes, que sean contratos de a\u00f1o a a\u00f1o. La idea es quedarme mucho tiempo \u00ab, sentenci\u00f3.<\/p>\n\n\n\n<p class=\"wp-block-paragraph\">(c) Agencia EFE<\/p>\n\n\n\n<figure class=\"wp-block-image\"><img decoding=\"async\" src=\"https:\/\/pbs.twimg.com\/media\/FysH6u0WYAAYY8X?format=jpg&amp;name=small\" alt=\"Imagen\"\/><\/figure>\n","protected":false},"excerpt":{"rendered":"<p>Deporte de Primera USA Con informaci\u00f3n de EFE Deportes El internacional ecuatoriano Jordy Caicedo termin\u00f3&#8230;<\/p>\n","protected":false},"author":1,"featured_media":105835,"comment_status":"closed","ping_status":"open","sticky":false,"template":"","format":"standard","meta":{"footnotes":""},"categories":[],"tags":[],"class_list":["post-105834","post","type-post","status-publish","format-standard","has-post-thumbnail","hentry"],"_links":{"self":[{"href":"https:\/\/www.deportedeprimera.com\/index.php\/wp-json\/wp\/v2\/posts\/105834","targetHints":{"allow":["GET"]}}],"collection":[{"href":"https:\/\/www.deportedeprimera.com\/index.php\/wp-json\/wp\/v2\/posts"}],"about":[{"href":"https:\/\/www.deportedeprimera.com\/index.php\/wp-json\/wp\/v2\/types\/post"}],"author":[{"embeddable":true,"href":"https:\/\/www.deportedeprimera.com\/index.php\/wp-json\/wp\/v2\/users\/1"}],"replies":[{"embeddable":true,"href":"https:\/\/www.deportedeprimera.com\/index.php\/wp-json\/wp\/v2\/comments?post=105834"}],"version-history":[{"count":1,"href":"https:\/\/www.deportedeprimera.com\/index.php\/wp-json\/wp\/v2\/posts\/105834\/revisions"}],"predecessor-version":[{"id":105836,"href":"https:\/\/www.deportedeprimera.com\/index.php\/wp-json\/wp\/v2\/posts\/105834\/revisions\/105836"}],"wp:featuredmedia":[{"embeddable":true,"href":"https:\/\/www.deportedeprimera.com\/index.php\/wp-json\/wp\/v2\/media\/105835"}],"wp:attachment":[{"href":"https:\/\/www.deportedeprimera.com\/index.php\/wp-json\/wp\/v2\/media?parent=105834"}],"wp:term":[{"taxonomy":"category","embeddable":true,"href":"https:\/\/www.deportedeprimera.com\/index.php\/wp-json\/wp\/v2\/categories?post=105834"},{"taxonomy":"post_tag","embeddable":true,"href":"https:\/\/www.deportedeprimera.com\/index.php\/wp-json\/wp\/v2\/tags?post=105834"}],"curies":[{"name":"wp","href":"https:\/\/api.w.org\/{rel}","templated":true}]}}