{"id":105827,"date":"2023-06-14T19:59:13","date_gmt":"2023-06-14T23:59:13","guid":{"rendered":"https:\/\/deportedeprimera.com\/?p=105827"},"modified":"2023-06-14T19:59:14","modified_gmt":"2023-06-14T23:59:14","slug":"nadal-gradua-a-su-alumnos-junto-a-iga-swiatek-y-felicita-a-djokovic-por-sus-23-grandes","status":"publish","type":"post","link":"https:\/\/www.deportedeprimera.com\/index.php\/2023\/06\/14\/nadal-gradua-a-su-alumnos-junto-a-iga-swiatek-y-felicita-a-djokovic-por-sus-23-grandes\/","title":{"rendered":"Nadal grad\u00faa a su alumnos junto a Iga Swiatek y felicita a Djokovic por sus 23 \u00abgrandes\u00bb"},"content":{"rendered":"\n<p class=\"wp-block-paragraph\"><strong><kbd>Deporte de Primera USA<\/kbd><\/strong> <strong><kbd>Con informaci\u00f3n de EFE Deportes<\/kbd><\/strong><\/p>\n\n\n\n<p class=\"wp-block-paragraph\"><strong><em>\u00a0Rafael Nadal, que se recupera de una intervenci\u00f3n quir\u00fargica por artroscopia para revisar la lesi\u00f3n del psoas izquierdo, presidi\u00f3 este mi\u00e9rcoles la graduaci\u00f3n de 50 de los alumnos de su academia de Manacor, en un acto en el que estuvo acompa\u00f1ado por la n\u00famero uno del mundo y reciente vencedora de Roland Garros, la polaca Iga Swiatek, y en el que el tenista espa\u00f1ol felicit\u00f3 p\u00fablicamente al serbio Novak Djokovic por conquistar su vig\u00e9simo tercer t\u00edtulo de Grand Slam en Par\u00eds.<\/em><\/strong><\/p>\n\n\n\n<figure class=\"wp-block-image\"><img decoding=\"async\" src=\"https:\/\/pbs.twimg.com\/media\/Fyms7fNWIAQo0ce?format=jpg&amp;name=small\" alt=\"Imagen\"\/><\/figure>\n\n\n\n<p class=\"wp-block-paragraph\">\u00abQuiero felicitar a Novak por sus 23 t\u00edtulos, una cifra que parec\u00eda imposible de conseguir; desde aqu\u00ed, personalmente, le transmito mi enhorabuena y las de toda la academia por lo que ha conseguido en un deporte tan competitivo como el tenis\u00bb, dijo Nadal, quien tiene previsto regresar a las pistas en 2024.<\/p>\n\n\n\n<p class=\"wp-block-paragraph\">El segundo tenista con m\u00e1s \u00abgrandes\u00bb en la historia de ese deporte (22), tambi\u00e9n agradeci\u00f3 a los padres de los alumnos de su academia, muchos de ellos presentes en el acto por haber confiado \u00abla educaci\u00f3n de vuestros hijos a nosotros\u00bb, indic\u00f3.<\/p>\n\n\n\n<p class=\"wp-block-paragraph\">\u00abPara este centro esa confianza significa mucho, espero que hayamos estado a la altura y ojal\u00e1 teng\u00e1is un futuro exitoso con las herramientas que os hemos dado\u00bb, dijo Nadal, antes de presentar a Iga Swiatek.<\/p>\n\n\n\n<figure class=\"wp-block-image\"><img decoding=\"async\" src=\"https:\/\/s.yimg.com\/ny\/api\/res\/1.2\/1xBtJglQ.cKmPZlpeso_gA--\/YXBwaWQ9aGlnaGxhbmRlcjt3PTk2MDtoPTY0MDtjZj13ZWJw\/https:\/\/media.zenfs.com\/es\/efe.es\/326429e0fb69858120994817dccbef29\" alt=\"\"\/><\/figure>\n\n\n\n<p class=\"wp-block-paragraph\">La tenista polaca, ganadora de cuatro t\u00edtulos de Grand Slam, tres de ellos en Roland Garros (2020, 2022 y 2023) y uno en el US Open (2022), dijo que para ella era \u00abtodo un honor\u00bb estar presente en la ceremonia de graduaci\u00f3n de los alumnos de la academia de Nadal, de qui\u00e9n se confes\u00f3 su \u00abadmiradora\u00bb, porque le ha \u00abinspirado\u00bb.<\/p>\n\n\n\n<p class=\"wp-block-paragraph\">\u00abOs felicito por vuestra graduaci\u00f3n; s\u00e9 que os hab\u00e9is esforzado, disfrutadlo mucho; gracias por invitarme a una ceremonia y a una academia tan bonitas\u00bb, dijo la primera tenista polaca en conquistar un t\u00edtulo de Grand Slam.<\/p>\n\n\n\n<figure class=\"wp-block-image\"><img decoding=\"async\" src=\"https:\/\/pbs.twimg.com\/media\/Fym5PKYWYAIeVjM?format=jpg&amp;name=large\" alt=\"Imagen\"\/><\/figure>\n\n\n\n<p class=\"wp-block-paragraph\">La n\u00famero 1 del mundo, que viene de ganar su tercer Roland Garros el s\u00e1bado en Par\u00eds, fue la madrina de un evento muy especial para los j\u00f3venes tenistas y estudiantes y tom\u00f3 el testigo de Pau Gasol, David Ferrer, Ona Carbonell y Ricky Rubio, que acompa\u00f1aron a Rafa en las graduaciones de los \u00faltimos a\u00f1os (Roger Federer y Maria Sharapova lo hicieron de manera telem\u00e1tica en 2020).<\/p>\n\n\n\n<p class=\"wp-block-paragraph\">Nadal y Swiatek entregaron los diplomas a los alumnos de la promoci\u00f3n 2023 fotografi\u00e1ndose con cada uno de ellos, antes de que el acto finalizase con el tradicional lanzamiento al aire de los birretes.<\/p>\n\n\n\n<figure class=\"wp-block-image\"><img decoding=\"async\" src=\"https:\/\/s.yimg.com\/ny\/api\/res\/1.2\/6KWvDQnvkoNvpNgWkD_2RQ--\/YXBwaWQ9aGlnaGxhbmRlcjt3PTk2MDtoPTY0MDtjZj13ZWJw\/https:\/\/media.zenfs.com\/es\/efe.es\/bd3b2eaa3e5f820987ba195f8eb46b02\" alt=\"\"\/><\/figure>\n\n\n\n<p class=\"wp-block-paragraph\">(c) Agencia EFE<\/p>\n","protected":false},"excerpt":{"rendered":"<p>Deporte de Primera USA Con informaci\u00f3n de EFE Deportes \u00a0Rafael Nadal, que se recupera de&#8230;<\/p>\n","protected":false},"author":1,"featured_media":105828,"comment_status":"closed","ping_status":"open","sticky":false,"template":"","format":"standard","meta":{"footnotes":""},"categories":[],"tags":[],"class_list":["post-105827","post","type-post","status-publish","format-standard","has-post-thumbnail","hentry"],"_links":{"self":[{"href":"https:\/\/www.deportedeprimera.com\/index.php\/wp-json\/wp\/v2\/posts\/105827","targetHints":{"allow":["GET"]}}],"collection":[{"href":"https:\/\/www.deportedeprimera.com\/index.php\/wp-json\/wp\/v2\/posts"}],"about":[{"href":"https:\/\/www.deportedeprimera.com\/index.php\/wp-json\/wp\/v2\/types\/post"}],"author":[{"embeddable":true,"href":"https:\/\/www.deportedeprimera.com\/index.php\/wp-json\/wp\/v2\/users\/1"}],"replies":[{"embeddable":true,"href":"https:\/\/www.deportedeprimera.com\/index.php\/wp-json\/wp\/v2\/comments?post=105827"}],"version-history":[{"count":1,"href":"https:\/\/www.deportedeprimera.com\/index.php\/wp-json\/wp\/v2\/posts\/105827\/revisions"}],"predecessor-version":[{"id":105829,"href":"https:\/\/www.deportedeprimera.com\/index.php\/wp-json\/wp\/v2\/posts\/105827\/revisions\/105829"}],"wp:featuredmedia":[{"embeddable":true,"href":"https:\/\/www.deportedeprimera.com\/index.php\/wp-json\/wp\/v2\/media\/105828"}],"wp:attachment":[{"href":"https:\/\/www.deportedeprimera.com\/index.php\/wp-json\/wp\/v2\/media?parent=105827"}],"wp:term":[{"taxonomy":"category","embeddable":true,"href":"https:\/\/www.deportedeprimera.com\/index.php\/wp-json\/wp\/v2\/categories?post=105827"},{"taxonomy":"post_tag","embeddable":true,"href":"https:\/\/www.deportedeprimera.com\/index.php\/wp-json\/wp\/v2\/tags?post=105827"}],"curies":[{"name":"wp","href":"https:\/\/api.w.org\/{rel}","templated":true}]}}