{"id":105797,"date":"2023-06-14T10:30:32","date_gmt":"2023-06-14T14:30:32","guid":{"rendered":"https:\/\/deportedeprimera.com\/?p=105797"},"modified":"2023-06-14T10:30:33","modified_gmt":"2023-06-14T14:30:33","slug":"mbappe-dice-que-no-pidio-que-lo-vendieran-al-real-madrid","status":"publish","type":"post","link":"https:\/\/www.deportedeprimera.com\/index.php\/2023\/06\/14\/mbappe-dice-que-no-pidio-que-lo-vendieran-al-real-madrid\/","title":{"rendered":"Mbapp\u00e9 dice que no pidi\u00f3 que lo vendieran al Real Madrid"},"content":{"rendered":"\n<p class=\"wp-block-paragraph\"><strong><kbd>Deporte de Primera USA<\/kbd><\/strong> <strong><kbd>Con informaci\u00f3n de EFE Deportes<\/kbd><\/strong><\/p>\n\n\n\n<p class=\"wp-block-paragraph\"><strong><em>Kylian Mbapp\u00e9 asegur\u00f3 que nunca pidi\u00f3 al Paris Saint-Germain que le permitiera fichar por el Real Madrid en el cierre de la temporada, confirmando que est\u00e1 contento de jugar en la capital francesa la pr\u00f3xima temporada, pero que no ampliar\u00e1 su contrato con el campe\u00f3n de la Ligue 1. Mbapp\u00e9 caus\u00f3 revuelo cuando envi\u00f3 una carta al club en la que afirmaba que no ten\u00eda intenci\u00f3n de ampliar su contrato con el PSG, que expira en 2024, si no activaba la cl\u00e1usula que prolongar\u00eda su acuerdo 12 meses m\u00e1s.<\/em><\/strong><\/p>\n\n\n\n<p class=\"wp-block-paragraph\">El PSG se encuentra en un aprieto, ya que corre el riesgo de perder a Mbapp\u00e9 gratis en junio de 2024. Mbapp\u00e9 tambi\u00e9n ser\u00e1 libre de firmar un precontrato con un nuevo club a partir de enero, en caso de que decida prolongar el a\u00f1o que le queda de contrato con el PSG.<\/p>\n\n\n\n<p class=\"wp-block-paragraph\">\u00abNo he pedido ni que me vendan, ni ir al Real Madrid\u00bb, dijo Mbapp\u00e9 a la Gazzetta dello Sport.<\/p>\n\n\n\n<p class=\"wp-block-paragraph\">\u00abS\u00f3lo confirm\u00e9 que no quiero activar el a\u00f1o extra previsto en el contrato. Nunca hemos hablado de una renovaci\u00f3n con el PSG, pero estoy feliz de quedarme aqu\u00ed la pr\u00f3xima temporada\u00bb.<\/p>\n\n\n\n<p class=\"wp-block-paragraph\">Sin embargo, si Mbapp\u00e9 se queda hasta el final de la temporada 2023-24, el club franc\u00e9s no podr\u00e1 recuperar nada de los 180 millones de euros (194,45 millones de d\u00f3lares) que desembols\u00f3 en 2017 para fichar al delantero del As M\u00f3naco.<\/p>\n\n\n\n<p class=\"wp-block-paragraph\">El Real Madrid ha cortejado a Mbapp\u00e9 en el pasado, pero no ha podido conseguir al jugador de 24 a\u00f1os, quien firm\u00f3 una extensi\u00f3n de contrato con el PSG en mayo del a\u00f1o pasado.<\/p>\n\n\n\n<figure class=\"wp-block-image\"><img decoding=\"async\" src=\"https:\/\/pbs.twimg.com\/media\/FylvEk4XsAAzgCP?format=jpg&amp;name=small\" alt=\"Imagen\"\/><\/figure>\n","protected":false},"excerpt":{"rendered":"<p>Deporte de Primera USA Con informaci\u00f3n de EFE Deportes Kylian Mbapp\u00e9 asegur\u00f3 que nunca pidi\u00f3&#8230;<\/p>\n","protected":false},"author":1,"featured_media":105799,"comment_status":"closed","ping_status":"open","sticky":false,"template":"","format":"standard","meta":{"footnotes":""},"categories":[],"tags":[],"class_list":["post-105797","post","type-post","status-publish","format-standard","has-post-thumbnail","hentry"],"_links":{"self":[{"href":"https:\/\/www.deportedeprimera.com\/index.php\/wp-json\/wp\/v2\/posts\/105797","targetHints":{"allow":["GET"]}}],"collection":[{"href":"https:\/\/www.deportedeprimera.com\/index.php\/wp-json\/wp\/v2\/posts"}],"about":[{"href":"https:\/\/www.deportedeprimera.com\/index.php\/wp-json\/wp\/v2\/types\/post"}],"author":[{"embeddable":true,"href":"https:\/\/www.deportedeprimera.com\/index.php\/wp-json\/wp\/v2\/users\/1"}],"replies":[{"embeddable":true,"href":"https:\/\/www.deportedeprimera.com\/index.php\/wp-json\/wp\/v2\/comments?post=105797"}],"version-history":[{"count":1,"href":"https:\/\/www.deportedeprimera.com\/index.php\/wp-json\/wp\/v2\/posts\/105797\/revisions"}],"predecessor-version":[{"id":105800,"href":"https:\/\/www.deportedeprimera.com\/index.php\/wp-json\/wp\/v2\/posts\/105797\/revisions\/105800"}],"wp:featuredmedia":[{"embeddable":true,"href":"https:\/\/www.deportedeprimera.com\/index.php\/wp-json\/wp\/v2\/media\/105799"}],"wp:attachment":[{"href":"https:\/\/www.deportedeprimera.com\/index.php\/wp-json\/wp\/v2\/media?parent=105797"}],"wp:term":[{"taxonomy":"category","embeddable":true,"href":"https:\/\/www.deportedeprimera.com\/index.php\/wp-json\/wp\/v2\/categories?post=105797"},{"taxonomy":"post_tag","embeddable":true,"href":"https:\/\/www.deportedeprimera.com\/index.php\/wp-json\/wp\/v2\/tags?post=105797"}],"curies":[{"name":"wp","href":"https:\/\/api.w.org\/{rel}","templated":true}]}}