{"id":105791,"date":"2023-06-13T22:16:30","date_gmt":"2023-06-14T02:16:30","guid":{"rendered":"https:\/\/deportedeprimera.com\/?p=105791"},"modified":"2023-06-13T22:20:01","modified_gmt":"2023-06-14T02:20:01","slug":"leicy-santos-y-linda-caicedo-lideran-convocatoria-de-colombia-para-amistoso-contra-panama","status":"publish","type":"post","link":"https:\/\/www.deportedeprimera.com\/index.php\/2023\/06\/13\/leicy-santos-y-linda-caicedo-lideran-convocatoria-de-colombia-para-amistoso-contra-panama\/","title":{"rendered":"Leicy Santos y Linda Caicedo lideran convocatoria de Colombia para amistoso contra Panam\u00e1"},"content":{"rendered":"\n<p class=\"wp-block-paragraph\"><strong><code>Deporte de Primera USA<\/code><\/strong> <strong><kbd>Con informaci\u00f3n de EFE Deportes<\/kbd><\/strong><\/p>\n\n\n\n<p class=\"wp-block-paragraph\"><strong><em>La volante Leicy Santos, del Atl\u00e9tico de Madrid, y la delantera Linda Caicedo, del Real Madrid, lideran la convocatoria de la selecci\u00f3n colombiana para los dos amistosos que disputar\u00e1 los pr\u00f3ximos 17 y 21 de junio ante Panam\u00e1\u00a0como preparaci\u00f3n para el Mundial de Australia\u00a0y Nueva Zelanda.<\/em><\/strong><\/p>\n\n\n\n<p class=\"wp-block-paragraph\">\u00abLa concentraci\u00f3n de la amarilla femenina, se estar\u00e1 desarrollando del 15 al 30 de junio en las ciudades de Bogot\u00e1, Ciudad de Panam\u00e1 y Cali\u00bb, detall\u00f3 la Federaci\u00f3n Colombiana de F\u00fatbol (FCF) en un comunicado.<\/p>\n\n\n\n<p class=\"wp-block-paragraph\">En el listado del seleccionador Nelson Abad\u00eda, tambi\u00e9n aparecen otras figuras del equipo como la portera Catalina P\u00e9rez, del Avai; la lateral Manuela Vanegas, del Real Sociedad; la centrocampista Liced Serna, del Valencia; la atacante Catalina Usme, del Am\u00e9rica de Cali, y la delantera Mayra Ram\u00edrez, del Levante.<\/p>\n","protected":false},"excerpt":{"rendered":"<p>Deporte de Primera USA Con informaci\u00f3n de EFE Deportes La volante Leicy Santos, del Atl\u00e9tico&#8230;<\/p>\n","protected":false},"author":1,"featured_media":105792,"comment_status":"closed","ping_status":"open","sticky":false,"template":"","format":"standard","meta":{"footnotes":""},"categories":[],"tags":[],"class_list":["post-105791","post","type-post","status-publish","format-standard","has-post-thumbnail","hentry"],"_links":{"self":[{"href":"https:\/\/www.deportedeprimera.com\/index.php\/wp-json\/wp\/v2\/posts\/105791","targetHints":{"allow":["GET"]}}],"collection":[{"href":"https:\/\/www.deportedeprimera.com\/index.php\/wp-json\/wp\/v2\/posts"}],"about":[{"href":"https:\/\/www.deportedeprimera.com\/index.php\/wp-json\/wp\/v2\/types\/post"}],"author":[{"embeddable":true,"href":"https:\/\/www.deportedeprimera.com\/index.php\/wp-json\/wp\/v2\/users\/1"}],"replies":[{"embeddable":true,"href":"https:\/\/www.deportedeprimera.com\/index.php\/wp-json\/wp\/v2\/comments?post=105791"}],"version-history":[{"count":2,"href":"https:\/\/www.deportedeprimera.com\/index.php\/wp-json\/wp\/v2\/posts\/105791\/revisions"}],"predecessor-version":[{"id":105795,"href":"https:\/\/www.deportedeprimera.com\/index.php\/wp-json\/wp\/v2\/posts\/105791\/revisions\/105795"}],"wp:featuredmedia":[{"embeddable":true,"href":"https:\/\/www.deportedeprimera.com\/index.php\/wp-json\/wp\/v2\/media\/105792"}],"wp:attachment":[{"href":"https:\/\/www.deportedeprimera.com\/index.php\/wp-json\/wp\/v2\/media?parent=105791"}],"wp:term":[{"taxonomy":"category","embeddable":true,"href":"https:\/\/www.deportedeprimera.com\/index.php\/wp-json\/wp\/v2\/categories?post=105791"},{"taxonomy":"post_tag","embeddable":true,"href":"https:\/\/www.deportedeprimera.com\/index.php\/wp-json\/wp\/v2\/tags?post=105791"}],"curies":[{"name":"wp","href":"https:\/\/api.w.org\/{rel}","templated":true}]}}