{"id":105778,"date":"2023-06-12T14:52:13","date_gmt":"2023-06-12T18:52:13","guid":{"rendered":"https:\/\/deportedeprimera.com\/?p=105778"},"modified":"2023-06-12T14:52:13","modified_gmt":"2023-06-12T18:52:13","slug":"el-goias-brasileno-anuncia-al-portugues-armando-evangelista-como-su-nuevo-tecnico","status":"publish","type":"post","link":"https:\/\/www.deportedeprimera.com\/index.php\/2023\/06\/12\/el-goias-brasileno-anuncia-al-portugues-armando-evangelista-como-su-nuevo-tecnico\/","title":{"rendered":"El Goi\u00e1s brasile\u00f1o anuncia al portugu\u00e9s Armando Evangelista como su nuevo t\u00e9cnico"},"content":{"rendered":"\n<p class=\"wp-block-paragraph\"><strong><kbd>Deporte de Primera USA<\/kbd><\/strong> <strong><kbd>Con informaci\u00f3n de EFE Deportes<\/kbd><\/strong><\/p>\n\n\n\n<p class=\"wp-block-paragraph\"><strong><em>El Goi\u00e1s, club de la primera divisi\u00f3n del f\u00fatbol brasile\u00f1o, anunci\u00f3 este lunes al portugu\u00e9s Armando Evangelista como su nuevo entrenador en sustituci\u00f3n del despedido Emerson \u00c1vila. \u00abSea bienvenido m\u00edster\u00bb, escribi\u00f3 el Goi\u00e1s en su cuenta de Twitter para saludar al entrenador europeo, quien desde el domingo se encuentra en la ciudad de Goiania y acompa\u00f1\u00f3 desde la tribuna al equipo en el empate 2-2 ante el Fluminense por el Campeonato Brasile\u00f1o.<\/em><\/strong><\/p>\n\n\n\n<p class=\"wp-block-paragraph\">El entrenador de 49 a\u00f1os estar\u00e1 al frente del conjunto esmeraldino tanto en la Copa Sudamericana como en la liga brasile\u00f1a, donde el Goi\u00e1s marcha en la zona de descenso con ocho puntos en diez partidos.<\/p>\n\n\n\n<p class=\"wp-block-paragraph\">El t\u00e9cnico luso viene de dirigir al Arou\u00e7a, que termin\u00f3 quinto en el campeonato portugu\u00e9s y clasific\u00f3 a la Liga de la UEFA.<\/p>\n\n\n\n<p class=\"wp-block-paragraph\">Antes del Arou\u00e7a, Evangelista entren\u00f3 al Vizela, Vit\u00f3ria, Varzim, Penafiel y Vilafraquense y su experiencia en el Goi\u00e1s ser\u00e1 la primera por fuera de Portugal.<\/p>\n\n\n\n<p class=\"wp-block-paragraph\">La llegada del t\u00e9cnico al Goi\u00e1s confirma la creciente tendencia de los clubes brasile\u00f1os por entrenadores de Portugal.<\/p>\n\n\n\n<p class=\"wp-block-paragraph\">En la liga brasile\u00f1a est\u00e1n ya los portugueses Abel Ferreira (Palmeiras), Lu\u00eds Castro (Botafogo), Pepa (Cruzeiro), Renato Paiva (Bah\u00eda), Pedro Caixinha (Bragantino) y Antonio Oliveira (Cuiab\u00e1).<\/p>\n\n\n\n<p class=\"wp-block-paragraph\">Sus compatriotas V\u00edtor Pereira e Ivo Vieira comenzaron el torneo con el Flamengo y el Cuiab\u00e1, respectivamente, pero despu\u00e9s salieron de sus clubes.<\/p>\n\n\n\n<p class=\"wp-block-paragraph\">La lista puede aumentar ya que dos portugueses son favoritos a sustituir al argentino Eduardo Coudet, que el s\u00e1bado dej\u00f3 el comando del Atl\u00e9tico Mineiro tras el empate 1-1 frente al Bragantino.<\/p>\n\n\n\n<p class=\"wp-block-paragraph\">Los principales nombres barajados por el equipo de Belo Horizonte para relevar al \u00abChacho\u00bb Coudet son los tambi\u00e9n portugueses Carlos Carvalhal, que dej\u00f3 al Celta de Vigo\u00a0en Espa\u00f1a, y Bruno Lage, quien hasta el a\u00f1o pasado entren\u00f3 al Wolverhampton ingl\u00e9s. EFE<\/p>\n\n\n\n<figure class=\"wp-block-image\"><img decoding=\"async\" src=\"https:\/\/pbs.twimg.com\/media\/FycYdIBWAAsr-NE?format=jpg&amp;name=large\" alt=\"Imagen\"\/><\/figure>\n","protected":false},"excerpt":{"rendered":"<p>Deporte de Primera USA Con informaci\u00f3n de EFE Deportes El Goi\u00e1s, club de la primera&#8230;<\/p>\n","protected":false},"author":1,"featured_media":105779,"comment_status":"closed","ping_status":"open","sticky":false,"template":"","format":"standard","meta":{"footnotes":""},"categories":[],"tags":[],"class_list":["post-105778","post","type-post","status-publish","format-standard","has-post-thumbnail","hentry"],"_links":{"self":[{"href":"https:\/\/www.deportedeprimera.com\/index.php\/wp-json\/wp\/v2\/posts\/105778","targetHints":{"allow":["GET"]}}],"collection":[{"href":"https:\/\/www.deportedeprimera.com\/index.php\/wp-json\/wp\/v2\/posts"}],"about":[{"href":"https:\/\/www.deportedeprimera.com\/index.php\/wp-json\/wp\/v2\/types\/post"}],"author":[{"embeddable":true,"href":"https:\/\/www.deportedeprimera.com\/index.php\/wp-json\/wp\/v2\/users\/1"}],"replies":[{"embeddable":true,"href":"https:\/\/www.deportedeprimera.com\/index.php\/wp-json\/wp\/v2\/comments?post=105778"}],"version-history":[{"count":1,"href":"https:\/\/www.deportedeprimera.com\/index.php\/wp-json\/wp\/v2\/posts\/105778\/revisions"}],"predecessor-version":[{"id":105780,"href":"https:\/\/www.deportedeprimera.com\/index.php\/wp-json\/wp\/v2\/posts\/105778\/revisions\/105780"}],"wp:featuredmedia":[{"embeddable":true,"href":"https:\/\/www.deportedeprimera.com\/index.php\/wp-json\/wp\/v2\/media\/105779"}],"wp:attachment":[{"href":"https:\/\/www.deportedeprimera.com\/index.php\/wp-json\/wp\/v2\/media?parent=105778"}],"wp:term":[{"taxonomy":"category","embeddable":true,"href":"https:\/\/www.deportedeprimera.com\/index.php\/wp-json\/wp\/v2\/categories?post=105778"},{"taxonomy":"post_tag","embeddable":true,"href":"https:\/\/www.deportedeprimera.com\/index.php\/wp-json\/wp\/v2\/tags?post=105778"}],"curies":[{"name":"wp","href":"https:\/\/api.w.org\/{rel}","templated":true}]}}