{"id":105775,"date":"2023-06-12T14:44:34","date_gmt":"2023-06-12T18:44:34","guid":{"rendered":"https:\/\/deportedeprimera.com\/?p=105775"},"modified":"2023-06-12T14:44:35","modified_gmt":"2023-06-12T18:44:35","slug":"el-peruano-raul-ruidiaz-otro-de-los-destacados-por-sus-dos-goles-y-es-nombrado-en-el-equipo-de-la-jornada-18","status":"publish","type":"post","link":"https:\/\/www.deportedeprimera.com\/index.php\/2023\/06\/12\/el-peruano-raul-ruidiaz-otro-de-los-destacados-por-sus-dos-goles-y-es-nombrado-en-el-equipo-de-la-jornada-18\/","title":{"rendered":"El peruano Ra\u00fal Ruid\u00edaz, otro de los destacados por sus dos goles y es nombrado en el equipo de la Jornada 18"},"content":{"rendered":"\n<p class=\"wp-block-paragraph\"><strong><kbd>Deporte de Primera USA<\/kbd><\/strong><\/p>\n\n\n\n<p class=\"wp-block-paragraph\"><strong><em>Y una vez volvi\u00f3. Anotando. Reencontr\u00e1ndose con el gol. Algo que le vali\u00f3 para ganarse a la hinchada del Seattle Sounders. La \u00faltima fecha convirti\u00f3 dos tantos. Uno de ellos fue un golazo, que vali\u00f3 para ponerse de pie y aplaudir la gran acci\u00f3n del internacional peruano. Tras la finalizaci\u00f3n de la Jornada 18; la MLS lo consider\u00f3 dentro del once ideal. Aqu\u00ed le presentamos al XI<\/em><\/strong>. <\/p>\n\n\n\n<figure class=\"wp-block-image\"><img decoding=\"async\" src=\"https:\/\/pbs.twimg.com\/media\/FycNKvQWIAIsJU5?format=jpg&amp;name=large\" alt=\"Imagen\"\/><\/figure>\n","protected":false},"excerpt":{"rendered":"<p>Deporte de Primera USA Y una vez volvi\u00f3. Anotando. Reencontr\u00e1ndose con el gol. Algo que&#8230;<\/p>\n","protected":false},"author":1,"featured_media":105776,"comment_status":"closed","ping_status":"open","sticky":false,"template":"","format":"standard","meta":{"footnotes":""},"categories":[],"tags":[],"class_list":["post-105775","post","type-post","status-publish","format-standard","has-post-thumbnail","hentry"],"_links":{"self":[{"href":"https:\/\/www.deportedeprimera.com\/index.php\/wp-json\/wp\/v2\/posts\/105775","targetHints":{"allow":["GET"]}}],"collection":[{"href":"https:\/\/www.deportedeprimera.com\/index.php\/wp-json\/wp\/v2\/posts"}],"about":[{"href":"https:\/\/www.deportedeprimera.com\/index.php\/wp-json\/wp\/v2\/types\/post"}],"author":[{"embeddable":true,"href":"https:\/\/www.deportedeprimera.com\/index.php\/wp-json\/wp\/v2\/users\/1"}],"replies":[{"embeddable":true,"href":"https:\/\/www.deportedeprimera.com\/index.php\/wp-json\/wp\/v2\/comments?post=105775"}],"version-history":[{"count":1,"href":"https:\/\/www.deportedeprimera.com\/index.php\/wp-json\/wp\/v2\/posts\/105775\/revisions"}],"predecessor-version":[{"id":105777,"href":"https:\/\/www.deportedeprimera.com\/index.php\/wp-json\/wp\/v2\/posts\/105775\/revisions\/105777"}],"wp:featuredmedia":[{"embeddable":true,"href":"https:\/\/www.deportedeprimera.com\/index.php\/wp-json\/wp\/v2\/media\/105776"}],"wp:attachment":[{"href":"https:\/\/www.deportedeprimera.com\/index.php\/wp-json\/wp\/v2\/media?parent=105775"}],"wp:term":[{"taxonomy":"category","embeddable":true,"href":"https:\/\/www.deportedeprimera.com\/index.php\/wp-json\/wp\/v2\/categories?post=105775"},{"taxonomy":"post_tag","embeddable":true,"href":"https:\/\/www.deportedeprimera.com\/index.php\/wp-json\/wp\/v2\/tags?post=105775"}],"curies":[{"name":"wp","href":"https:\/\/api.w.org\/{rel}","templated":true}]}}