{"id":105740,"date":"2023-06-12T09:42:12","date_gmt":"2023-06-12T13:42:12","guid":{"rendered":"https:\/\/deportedeprimera.com\/?p=105740"},"modified":"2023-06-12T09:42:13","modified_gmt":"2023-06-12T13:42:13","slug":"djokovic-vuelve-a-la-cumbre-tras-ganar-en-paris-nadal-se-pierde-en-el-puesto-136","status":"publish","type":"post","link":"https:\/\/www.deportedeprimera.com\/index.php\/2023\/06\/12\/djokovic-vuelve-a-la-cumbre-tras-ganar-en-paris-nadal-se-pierde-en-el-puesto-136\/","title":{"rendered":"Djokovic vuelve a la cumbre tras ganar en Par\u00eds, Nadal se pierde en el puesto 136"},"content":{"rendered":"\n<p class=\"wp-block-paragraph\"><strong><kbd>Deporte de Primera USA<\/kbd><\/strong> <strong><kbd>Con informaci\u00f3n de EFE Deportes<\/kbd><\/strong><\/p>\n\n\n\n<p class=\"wp-block-paragraph\"><strong><em>El serbio Novak Djokovic, que al ganar el domingo Roland Garros entr\u00f3 en los libros de r\u00e9cords del tenis masculino al ser el primer jugador en sumar 23 Grand Slams, corona esa haza\u00f1a con su regreso al n\u00famero uno mundial, del que desbanca al espa\u00f1ol Carlos Alcaraz. La clasificaci\u00f3n ATP de esta semana es asimismo significativa porque el ganador en Par\u00eds el a\u00f1o pasado, el tambi\u00e9n espa\u00f1ol Rafael Nadal, ausente del circuito por lesi\u00f3n desde el Abierto de Australia, cae al n\u00famero 136 del mundo, primera vez en 20 a\u00f1os, desde abril de 2003, en que se queda fuera de los 100 primeros puestos.<\/em><\/strong><\/p>\n\n\n\n<figure class=\"wp-block-image\"><img decoding=\"async\" src=\"https:\/\/pbs.twimg.com\/media\/FyasiaPXwAEn5IY?format=jpg&amp;name=large\" alt=\"Imagen\"\/><\/figure>\n\n\n\n<p class=\"wp-block-paragraph\">Djokovic gana dos posiciones tras su triunfo en Par\u00eds y suma 7.595 puntos en el r\u00e1nking, por 7.175 de Alcaraz, al que el jugador de Belgrado elimin\u00f3 en semifinales, en un partido que el murciano acab\u00f3 a duras penas, v\u00edctima de calambres.<\/p>\n\n\n\n<p class=\"wp-block-paragraph\">El serbio vuelve al n\u00famero uno tras un breve par\u00e9ntesis, pues lo cedi\u00f3 por \u00faltima vez el 22 de mayo. Ten\u00eda que imponerse en Roland Garros para recuperarlo y cumpli\u00f3 con el objetivo. La primera ocasi\u00f3n en que alcanz\u00f3 la cima de la clasificaci\u00f3n ATP fue en julio de 2011.<\/p>\n\n\n\n<p class=\"wp-block-paragraph\">Tambi\u00e9n baja un puesto en la clasificaci\u00f3n el ruso Daniil Medvedev, tercero con 6.100 puntos.<\/p>\n\n\n\n<p class=\"wp-block-paragraph\">El otro finalista en Par\u00eds, el noruego Casper Ruud, mantiene la cuarta plaza, por delante del griego Stefanos Tsitsipas, del dan\u00e9s Holger Rune, del ruso Andrey Rublev, del estadounidense Taylor Fritz y del italiano Jannik Sinner, que mantienen sus posiciones del 5 al 9. En el d\u00e9cimo escal\u00f3n otro ruso, Karen Kachanov, desbanca al canadiense Felix Auger-Aliassime y entra en el top-10 por primera vez desde noviembre de 2019.<\/p>\n\n\n\n<figure class=\"wp-block-image size-large\"><img loading=\"lazy\" decoding=\"async\" width=\"955\" height=\"1024\" src=\"https:\/\/deportedeprimera.com\/wp-content\/uploads\/2023\/06\/b2tbkcte-955x1024.png\" alt=\"\" class=\"wp-image-105741\" srcset=\"https:\/\/www.deportedeprimera.com\/wp-content\/uploads\/2023\/06\/b2tbkcte-955x1024.png 955w, https:\/\/www.deportedeprimera.com\/wp-content\/uploads\/2023\/06\/b2tbkcte-280x300.png 280w, https:\/\/www.deportedeprimera.com\/wp-content\/uploads\/2023\/06\/b2tbkcte-768x824.png 768w, https:\/\/www.deportedeprimera.com\/wp-content\/uploads\/2023\/06\/b2tbkcte-1024x1098.png 1024w, https:\/\/www.deportedeprimera.com\/wp-content\/uploads\/2023\/06\/b2tbkcte.png 1059w\" sizes=\"auto, (max-width: 955px) 100vw, 955px\" \/><\/figure>\n\n\n\n<p class=\"wp-block-paragraph\">La lista de la ATP certifica la actual situaci\u00f3n de Rafael Nadal, inactivo en el circuito desde enero y, por tanto, cada vez m\u00e1s lejos de los puestos de arriba.<\/p>\n\n\n\n<p class=\"wp-block-paragraph\">Nadal empez\u00f3 el a\u00f1o 2003 como n\u00famero 200 del mundo, pero el 21 de abril de ese a\u00f1o ya apareci\u00f3 en el puesto 96, tras alcanzar los octavos de final en Montecarlo, y nunca m\u00e1s hasta hoy hab\u00eda salido del grupo de los cien mejores.<\/p>\n\n\n\n<p class=\"wp-block-paragraph\">El mallorqu\u00edn, que hace dos semanas pas\u00f3 por el quir\u00f3fano para tratarse su lesi\u00f3n en el psoas izquierdo y que no volver\u00e1 a jugar hasta al temporada que viene, al perder los 2.000 puntos de su victoria en Par\u00eds en 2022 cae del puesto 15 al 136, con una renta de puntos que se reduce a los 445.<\/p>\n\n\n\n<p class=\"wp-block-paragraph\">Pablo Carre\u00f1o, en el puesto 19 (+2), Roberto Bautista en el 22 (+2), Alejandro Davidovich en el 33 (+1), Bernab\u00e9 Zapata en el 50 (-12), Roberto Carball\u00e9s en el 51 (+6) y Albert Ramos en el 70 (-3) son los otros espa\u00f1oles entre los 100 primeros.<\/p>\n\n\n\n<p class=\"wp-block-paragraph\">Otras consecuencias de Roland Garros: los argentinos Francisco Cerundolo, que fue octavofinalista, y Tom\u00e1s Mart\u00edn Etcheverry, cuartofinalista, ocupan las mejores posiciones de su carrera. El primero sube tres escalones, hasta el 20, y el segundo mejora 17, hasta el 32.<\/p>\n\n\n\n<p class=\"wp-block-paragraph\">Lo mismo le sucede al chileno Nicol\u00e1s Jarry, ahora n\u00famero 30, que lleg\u00f3 asimismo a octavos en Par\u00eds. Mejora cinco puestos.<\/p>\n\n\n\n<p class=\"wp-block-paragraph\">(c) Agencia EFE<\/p>\n\n\n\n<figure class=\"wp-block-image\"><img decoding=\"async\" src=\"https:\/\/pbs.twimg.com\/media\/FyX7jajXoAcMlsU?format=jpg&amp;name=4096x4096\" alt=\"Imagen\"\/><\/figure>\n","protected":false},"excerpt":{"rendered":"<p>Deporte de Primera USA Con informaci\u00f3n de EFE Deportes El serbio Novak Djokovic, que al&#8230;<\/p>\n","protected":false},"author":1,"featured_media":105742,"comment_status":"closed","ping_status":"open","sticky":false,"template":"","format":"standard","meta":{"footnotes":""},"categories":[],"tags":[],"class_list":["post-105740","post","type-post","status-publish","format-standard","has-post-thumbnail","hentry"],"_links":{"self":[{"href":"https:\/\/www.deportedeprimera.com\/index.php\/wp-json\/wp\/v2\/posts\/105740","targetHints":{"allow":["GET"]}}],"collection":[{"href":"https:\/\/www.deportedeprimera.com\/index.php\/wp-json\/wp\/v2\/posts"}],"about":[{"href":"https:\/\/www.deportedeprimera.com\/index.php\/wp-json\/wp\/v2\/types\/post"}],"author":[{"embeddable":true,"href":"https:\/\/www.deportedeprimera.com\/index.php\/wp-json\/wp\/v2\/users\/1"}],"replies":[{"embeddable":true,"href":"https:\/\/www.deportedeprimera.com\/index.php\/wp-json\/wp\/v2\/comments?post=105740"}],"version-history":[{"count":1,"href":"https:\/\/www.deportedeprimera.com\/index.php\/wp-json\/wp\/v2\/posts\/105740\/revisions"}],"predecessor-version":[{"id":105743,"href":"https:\/\/www.deportedeprimera.com\/index.php\/wp-json\/wp\/v2\/posts\/105740\/revisions\/105743"}],"wp:featuredmedia":[{"embeddable":true,"href":"https:\/\/www.deportedeprimera.com\/index.php\/wp-json\/wp\/v2\/media\/105742"}],"wp:attachment":[{"href":"https:\/\/www.deportedeprimera.com\/index.php\/wp-json\/wp\/v2\/media?parent=105740"}],"wp:term":[{"taxonomy":"category","embeddable":true,"href":"https:\/\/www.deportedeprimera.com\/index.php\/wp-json\/wp\/v2\/categories?post=105740"},{"taxonomy":"post_tag","embeddable":true,"href":"https:\/\/www.deportedeprimera.com\/index.php\/wp-json\/wp\/v2\/tags?post=105740"}],"curies":[{"name":"wp","href":"https:\/\/api.w.org\/{rel}","templated":true}]}}