{"id":105725,"date":"2023-06-10T18:13:59","date_gmt":"2023-06-10T22:13:59","guid":{"rendered":"https:\/\/deportedeprimera.com\/?p=105725"},"modified":"2023-06-10T18:14:01","modified_gmt":"2023-06-10T22:14:01","slug":"diego-valeri-el-impacto-de-messi-en-miami-superara-al-de-pele-y-beckham-va-a-ser-unico","status":"publish","type":"post","link":"https:\/\/www.deportedeprimera.com\/index.php\/2023\/06\/10\/diego-valeri-el-impacto-de-messi-en-miami-superara-al-de-pele-y-beckham-va-a-ser-unico\/","title":{"rendered":"Diego Valeri: \u00abEl impacto de Messi en Miami superar\u00e1 al de Pel\u00e9 y Beckham, va a ser \u00fanico\u00bb"},"content":{"rendered":"\n<p class=\"wp-block-paragraph\"><strong><kbd>Deporte de Primera USA<\/kbd><\/strong> <strong><kbd>Con informaci\u00f3n de EFE Deportes<\/kbd><\/strong><\/p>\n\n\n\n<p class=\"wp-block-paragraph\"><strong><em>El argentino Diego Valeri, excompa\u00f1ero de Lionel Messi\u00a0en la Albiceleste, consider\u00f3 en una entrevista con la Agencia EFE que el impacto de Leo en el Inter Miami\u00a0y en el f\u00fatbol estadounidense superar\u00e1 al de Pel\u00e9 y al de David Beckham: \u00abEsto va a ser \u00fanico y no tiene punto de comparaci\u00f3n\u00bb. Valeri, toda una gloria de los Portland Timbers, coincidi\u00f3 con Messi en la selecci\u00f3n sub-20 de Argentina y en la preparaci\u00f3n de la Copa Am\u00e9rica de 2011. Tambi\u00e9n lo enfrent\u00f3 en su etapa en el Almer\u00eda\u00a0en un partido perdido 0-8, con triplete de la Pulga, contra el Barcelona\u00a0de Pep Guardiola. \u00abJug\u00f3 a un nivel que nunca hab\u00eda visto\u00bb, reconoci\u00f3.<\/em><\/strong><\/p>\n\n\n\n<figure class=\"wp-block-image\"><img decoding=\"async\" src=\"https:\/\/pbs.twimg.com\/media\/FIrFLVlXsAYk0kV?format=jpg&amp;name=medium\" alt=\"Imagen\"\/><\/figure>\n\n\n\n<p class=\"wp-block-paragraph\">Est\u00e1 convencido de que el Inter Miami y la MLS le dar\u00e1n a Messi un cari\u00f1o que no recibi\u00f3 en su etapa en el\u00a0PSG<a href=\"https:\/\/sports.yahoo.com\/soccer\/teams\/paris-saint-germain\/\"> <\/a>y que, a nivel deportivo, el f\u00fatbol estadounidense le permitir\u00e1 llegar a alto nivel competitivo a la Copa Am\u00e9rica de 2024 y al Mundial de 2026.<\/p>\n\n\n\n<p class=\"wp-block-paragraph\">En una entrevista exclusiva con la Agencia EFE, Valeri, ahora comentarista de la MLS en Apple TV, cuenta su experiencia personal al lado de Messi y por qu\u00e9 su fichaje por el Inter Miami puede cambiar la historia del &#8216;soccer&#8217;.<\/p>\n\n\n\n<p class=\"wp-block-paragraph\">Pregunta: El fichaje de Messi es un momento hist\u00f3rico para el f\u00fatbol estadounidense. \u00bfCree que se puede comparar con la llegada del brasile\u00f1o \u00c9dson Arantes do Nascimento &#8216;Pel\u00e9&#8217; a los New York Cosmos de la NASL o a la de Beckham a los Galaxy?<\/p>\n\n\n\n<p class=\"wp-block-paragraph\">Respuesta: Para m\u00ed no tiene punto de comparaci\u00f3n, esto va a ser \u00fanico. Va a ser \u00fanico por el momento de la MLS. Est\u00e1 en un momento en el que no estaba en esa \u00e9poca. Estamos hablando del mejor jugador de la historia y en un momento de la liga en la que hay una estructura distinta a lo que fue en esos momentos.<\/p>\n\n\n\n<p class=\"wp-block-paragraph\">Es un jugador que es campe\u00f3n del mundo, que elige venir, que elige proyectarse. El acuerdo con Apple va a proyectar mundialmente el f\u00fatbol de Estados Unidos. Viene el Mundial, la Copa Am\u00e9rica, hay muchas cosas por las que esto ser\u00e1 \u00fanico e incomparable. Va a ser \u00fanico y no tiene punto de comparaci\u00f3n.<\/p>\n\n\n\n<figure class=\"wp-block-image size-full\"><img loading=\"lazy\" decoding=\"async\" width=\"947\" height=\"839\" src=\"https:\/\/deportedeprimera.com\/wp-content\/uploads\/2023\/06\/3cg19ezq.png\" alt=\"\" class=\"wp-image-105727\" srcset=\"https:\/\/www.deportedeprimera.com\/wp-content\/uploads\/2023\/06\/3cg19ezq.png 947w, https:\/\/www.deportedeprimera.com\/wp-content\/uploads\/2023\/06\/3cg19ezq-300x266.png 300w, https:\/\/www.deportedeprimera.com\/wp-content\/uploads\/2023\/06\/3cg19ezq-768x680.png 768w\" sizes=\"auto, (max-width: 947px) 100vw, 947px\" \/><\/figure>\n\n\n\n<p class=\"wp-block-paragraph\">P: Usted coincidi\u00f3 con Messi en la selecci\u00f3n argentina. \u00bfC\u00f3mo es su relaci\u00f3n con \u00e9l y que le impact\u00f3 de su juego?<\/p>\n\n\n\n<p class=\"wp-block-paragraph\">R: Coincidimos en la sub-20, unos d\u00edas, cuando \u00e9l lleg\u00f3 para ir al Mundial de Holanda. Compart\u00ed d\u00edas con \u00e9l en el grupo de las Olimpiadas, yo particip\u00e9 en ese viaje a Barcelona. Entrenamos unas semanas. Y luego en 2011 compart\u00ed con \u00e9l en lo que fue la pretemporada de la Copa Am\u00e9rica.<\/p>\n\n\n\n<p class=\"wp-block-paragraph\">Para m\u00ed lo m\u00e1s especial fue compartir la pretemporada de la Copa Am\u00e9rica, tenerlo tan cerca, poder compartir un juego en espacio reducido, ver c\u00f3mo controlaba la pelota. Pude disfrutar esos detalles. Me sorprendi\u00f3 mucho c\u00f3mo \u00e9l llevaba la pelota tan pegada al pie, y para dar un pase no impactaba el bal\u00f3n, lo deslizaba porque tiene mucha fuerza. Son peque\u00f1as cosas que uno aprecia verlas tan de cerca. Estamos hablando de historia.<\/p>\n\n\n\n<p class=\"wp-block-paragraph\">P: Tambi\u00e9n lo afront\u00f3 como rival en su etapa en el Almer\u00eda.<\/p>\n\n\n\n<p class=\"wp-block-paragraph\">R: Lo enfrent\u00e9 en Almer\u00eda, cuando me toc\u00f3 jugar ese partido que nos hicieron 8 goles. Lo disfrut\u00e9 de adentro. Llegado el momento que ya nos estaban bailando, la verdad que estaba jugando a un nivel que hasta ese momento no se hab\u00eda visto.<\/p>\n\n\n\n<p class=\"wp-block-paragraph\">Recuerdo que el t\u00e9cnico era Juanma Lillo, intent\u00f3 preparar el partido para sacarle la pelota al Barcelona de Guardiola, intentar atacarlo. Pero no era s\u00f3lo Messi, era David Villa, Pedro Rodr\u00edguez, era Andr\u00e9s Iniesta, era Xavi Hern\u00e1ndez, Thiago Alc\u00e1ntara&#8230;<\/p>\n\n\n\n<p class=\"wp-block-paragraph\">P: \u00bfQu\u00e9 le puso m\u00e1s contento de la llegada de Messi al Inter Miami?<\/p>\n\n\n\n<p class=\"wp-block-paragraph\">R: Como argentino, lo que me pone m\u00e1s contento es que en la nota que \u00e9l dio dijo que esta era su elecci\u00f3n y que con su familia decidi\u00f3 esto. Creo que est\u00e1 tomando una decisi\u00f3n muy inteligente, la anunci\u00f3 de manera muy sencilla, como es \u00e9l, como es su familia y su entorno. Cuando lo escuch\u00e9 me moviliz\u00f3 ese ni\u00f1o interior de querer verlo jugar y disfrutarlo tan de cerca.<\/p>\n\n\n\n<p class=\"wp-block-paragraph\">P: \u00bfPor qu\u00e9 cree que eligi\u00f3 a la MLS?<\/p>\n\n\n\n<p class=\"wp-block-paragraph\">R: Ve una liga competitiva, una liga y un espacio donde \u00e9l puede venir a disfrutar su profesi\u00f3n. Quiere disfrutar de este momento de su vida, de su familia y eligi\u00f3 el lugar que le pareci\u00f3 indicado. Est\u00e1 hablando de lo que es la MLS y que en perspectiva de la Copa Am\u00e9rica y el Mundial, \u00e9l ve un espacio competitivo.<\/p>\n\n\n\n<p class=\"wp-block-paragraph\">P: En Par\u00eds no tuvo el cari\u00f1o que le puede dar Miami.<\/p>\n\n\n\n<p class=\"wp-block-paragraph\">R: El cari\u00f1o ya se lo est\u00e1n haciendo sentir y todav\u00eda no ha llegado. Es tarea de todos que \u00e9l pueda encontrar ese lugar de disfrute. Una gran diferencia que puede encontrar es ese sentimiento de gratitud que quiz\u00e1s en Francia, pasado un tiempo, no lo percibi\u00f3. Esto ac\u00e1 va a pasar y se va a sostener en el tiempo, no creo que sea solo por la novedad.<\/p>\n\n\n\n<p class=\"wp-block-paragraph\">Todo Estados Unidos se lo va a demostrar, no s\u00f3lo por lo que significa en la historia del f\u00fatbol, sino porque es un ejemplo de profesionalidad y de persona.<\/p>\n\n\n\n<p class=\"wp-block-paragraph\">P: El Inter Miami es colista en el Este. \u00bfC\u00f3mo cree que cambian las ambiciones del club con la llegada de Messi?<\/p>\n\n\n\n<p class=\"wp-block-paragraph\">R: Esta liga tiene una particularidad. R\u00e1pidamente, con una racha de tres o cuatro partidos, te pones en condici\u00f3n de pelear el campeonato. Porque si vos entras a los &#8216;playoffs&#8217;, puedes pelear el campeonato. Y tambi\u00e9n est\u00e1n las semifinales de la Copa US Open, es otro trofeo.<\/p>\n\n\n\n<p class=\"wp-block-paragraph\">Andrea Montolivo<\/p>\n\n\n\n<p class=\"wp-block-paragraph\">(c) Agencia EFE<\/p>\n\n\n\n<figure class=\"wp-block-image\"><img decoding=\"async\" src=\"https:\/\/pbs.twimg.com\/media\/FLPdX2qXEAgE7Vh?format=jpg&amp;name=4096x4096\" alt=\"Imagen\"\/><\/figure>\n","protected":false},"excerpt":{"rendered":"<p>Deporte de Primera USA Con informaci\u00f3n de EFE Deportes El argentino Diego Valeri, excompa\u00f1ero de&#8230;<\/p>\n","protected":false},"author":1,"featured_media":105726,"comment_status":"closed","ping_status":"open","sticky":false,"template":"","format":"standard","meta":{"footnotes":""},"categories":[],"tags":[],"class_list":["post-105725","post","type-post","status-publish","format-standard","has-post-thumbnail","hentry"],"_links":{"self":[{"href":"https:\/\/www.deportedeprimera.com\/index.php\/wp-json\/wp\/v2\/posts\/105725","targetHints":{"allow":["GET"]}}],"collection":[{"href":"https:\/\/www.deportedeprimera.com\/index.php\/wp-json\/wp\/v2\/posts"}],"about":[{"href":"https:\/\/www.deportedeprimera.com\/index.php\/wp-json\/wp\/v2\/types\/post"}],"author":[{"embeddable":true,"href":"https:\/\/www.deportedeprimera.com\/index.php\/wp-json\/wp\/v2\/users\/1"}],"replies":[{"embeddable":true,"href":"https:\/\/www.deportedeprimera.com\/index.php\/wp-json\/wp\/v2\/comments?post=105725"}],"version-history":[{"count":1,"href":"https:\/\/www.deportedeprimera.com\/index.php\/wp-json\/wp\/v2\/posts\/105725\/revisions"}],"predecessor-version":[{"id":105728,"href":"https:\/\/www.deportedeprimera.com\/index.php\/wp-json\/wp\/v2\/posts\/105725\/revisions\/105728"}],"wp:featuredmedia":[{"embeddable":true,"href":"https:\/\/www.deportedeprimera.com\/index.php\/wp-json\/wp\/v2\/media\/105726"}],"wp:attachment":[{"href":"https:\/\/www.deportedeprimera.com\/index.php\/wp-json\/wp\/v2\/media?parent=105725"}],"wp:term":[{"taxonomy":"category","embeddable":true,"href":"https:\/\/www.deportedeprimera.com\/index.php\/wp-json\/wp\/v2\/categories?post=105725"},{"taxonomy":"post_tag","embeddable":true,"href":"https:\/\/www.deportedeprimera.com\/index.php\/wp-json\/wp\/v2\/tags?post=105725"}],"curies":[{"name":"wp","href":"https:\/\/api.w.org\/{rel}","templated":true}]}}