{"id":105721,"date":"2023-06-10T18:00:45","date_gmt":"2023-06-10T22:00:45","guid":{"rendered":"https:\/\/deportedeprimera.com\/?p=105721"},"modified":"2023-06-10T18:00:46","modified_gmt":"2023-06-10T22:00:46","slug":"diego-cocca-lamenta-la-lesion-del-chicharito-hernandez","status":"publish","type":"post","link":"https:\/\/www.deportedeprimera.com\/index.php\/2023\/06\/10\/diego-cocca-lamenta-la-lesion-del-chicharito-hernandez\/","title":{"rendered":"Diego Cocca lamenta la lesi\u00f3n del Chicharito Hern\u00e1ndez"},"content":{"rendered":"\n<p class=\"wp-block-paragraph\"><strong><kbd>Deporte de Primera USA<\/kbd><\/strong><\/p>\n\n\n\n<p class=\"wp-block-paragraph\"><strong><em>El argentino Diego Cocca, seleccionador mexicano de f\u00fatbol, lament\u00f3 este viernes la lesi\u00f3n que sufri\u00f3 Javier Hern\u00e1ndez, delantero del LA Galaxy, y asegur\u00f3 que una vez que se recupere lo contemplar\u00e1 para futuras convocatorias. \u00abMe enter\u00e9 de la lesi\u00f3n de &#8216;Chicharito&#8217;. \u00c9l est\u00e1 contemplado, como todos los mexicanos. Lamentablemente sufri\u00f3 una lesi\u00f3n. Le mando un fuerte abrazo\u00bb, explic\u00f3 un d\u00eda antes de que M\u00e9xico se enfrente a Camer\u00fan este s\u00e1bado en un partido amistoso en San Diego (EE.UU.).<\/em><\/strong><\/p>\n\n\n\n<figure class=\"wp-block-image size-full\"><img loading=\"lazy\" decoding=\"async\" width=\"669\" height=\"517\" src=\"https:\/\/deportedeprimera.com\/wp-content\/uploads\/2023\/06\/bmtyq3s8.png\" alt=\"\" class=\"wp-image-105722\" srcset=\"https:\/\/www.deportedeprimera.com\/wp-content\/uploads\/2023\/06\/bmtyq3s8.png 669w, https:\/\/www.deportedeprimera.com\/wp-content\/uploads\/2023\/06\/bmtyq3s8-300x232.png 300w\" sizes=\"auto, (max-width: 669px) 100vw, 669px\" \/><\/figure>\n\n\n\n<p class=\"wp-block-paragraph\">Cocca afirm\u00f3 que respeta a Camer\u00fan, que en el pasado Mundial de Catar 2022 se qued\u00f3 en la fase de grupos, por lo cual lo considera un buen \u00faltimo ensayo antes de enfrentarse el pr\u00f3ximo 15 de junio a Estados Unidos en las semifinales de la Liga de Naciones de la Concacaf.<\/p>\n\n\n\n<p class=\"wp-block-paragraph\">\u00abTengo mucho respeto por Camer\u00fan. Vienen de jugar un Mundial y de ganarle a Brasil. Para nosotros ser\u00e1 una prueba muy importante, es un orgullo y una oportunidad para crecer\u00bb.<\/p>\n\n\n\n<figure class=\"wp-block-image\"><img decoding=\"async\" src=\"https:\/\/s.yimg.com\/ny\/api\/res\/1.2\/vBkmsTlqc9AJqp6qAy0KDA--\/YXBwaWQ9aGlnaGxhbmRlcjt3PTk2MDtoPTE0NDE7Y2Y9d2VicA--\/https:\/\/media.zenfs.com\/es\/efe.es\/e14e0decb7946a4d510132c201da239b\" alt=\"\"\/><\/figure>\n","protected":false},"excerpt":{"rendered":"<p>Deporte de Primera USA El argentino Diego Cocca, seleccionador mexicano de f\u00fatbol, lament\u00f3 este viernes&#8230;<\/p>\n","protected":false},"author":1,"featured_media":105723,"comment_status":"closed","ping_status":"open","sticky":false,"template":"","format":"standard","meta":{"footnotes":""},"categories":[],"tags":[],"class_list":["post-105721","post","type-post","status-publish","format-standard","has-post-thumbnail","hentry"],"_links":{"self":[{"href":"https:\/\/www.deportedeprimera.com\/index.php\/wp-json\/wp\/v2\/posts\/105721","targetHints":{"allow":["GET"]}}],"collection":[{"href":"https:\/\/www.deportedeprimera.com\/index.php\/wp-json\/wp\/v2\/posts"}],"about":[{"href":"https:\/\/www.deportedeprimera.com\/index.php\/wp-json\/wp\/v2\/types\/post"}],"author":[{"embeddable":true,"href":"https:\/\/www.deportedeprimera.com\/index.php\/wp-json\/wp\/v2\/users\/1"}],"replies":[{"embeddable":true,"href":"https:\/\/www.deportedeprimera.com\/index.php\/wp-json\/wp\/v2\/comments?post=105721"}],"version-history":[{"count":1,"href":"https:\/\/www.deportedeprimera.com\/index.php\/wp-json\/wp\/v2\/posts\/105721\/revisions"}],"predecessor-version":[{"id":105724,"href":"https:\/\/www.deportedeprimera.com\/index.php\/wp-json\/wp\/v2\/posts\/105721\/revisions\/105724"}],"wp:featuredmedia":[{"embeddable":true,"href":"https:\/\/www.deportedeprimera.com\/index.php\/wp-json\/wp\/v2\/media\/105723"}],"wp:attachment":[{"href":"https:\/\/www.deportedeprimera.com\/index.php\/wp-json\/wp\/v2\/media?parent=105721"}],"wp:term":[{"taxonomy":"category","embeddable":true,"href":"https:\/\/www.deportedeprimera.com\/index.php\/wp-json\/wp\/v2\/categories?post=105721"},{"taxonomy":"post_tag","embeddable":true,"href":"https:\/\/www.deportedeprimera.com\/index.php\/wp-json\/wp\/v2\/tags?post=105721"}],"curies":[{"name":"wp","href":"https:\/\/api.w.org\/{rel}","templated":true}]}}