{"id":105703,"date":"2023-06-09T19:39:10","date_gmt":"2023-06-09T23:39:10","guid":{"rendered":"https:\/\/deportedeprimera.com\/?p=105703"},"modified":"2023-06-09T19:39:11","modified_gmt":"2023-06-09T23:39:11","slug":"yostin-salinas-dejo-de-ser-jugador-del-new-york-red-bulls-ii","status":"publish","type":"post","link":"https:\/\/www.deportedeprimera.com\/index.php\/2023\/06\/09\/yostin-salinas-dejo-de-ser-jugador-del-new-york-red-bulls-ii\/","title":{"rendered":"Yostin Salinas dej\u00f3 de ser jugador del New York Red Bulls II"},"content":{"rendered":"\n<p class=\"wp-block-paragraph\"><strong><kbd>Deporte de Primera USA<\/kbd><\/strong><\/p>\n\n\n\n<p class=\"wp-block-paragraph\"><strong><em>New York Red Bulls II ha acordado de mutuo acuerdo rescindir la cesi\u00f3n del defensa Yostin Salinas. Salinas regresar\u00e1 al Sporting Football Club.<\/em><\/strong><\/p>\n\n\n\n<p class=\"wp-block-paragraph\">Salinas, de 24 a\u00f1os, se uni\u00f3 a Red Bulls II en calidad de pr\u00e9stamo en agosto de 2022. Hizo 14 apariciones, inici\u00f3 12 partidos y acumul\u00f3 1051 minutos en el transcurso de dos temporadas.<\/p>\n\n\n\n<p class=\"wp-block-paragraph\">\u201cQueremos agradecer a Yostin por el tiempo que pas\u00f3 con el club desde la temporada pasada\u201d, dijo el director deportivo Denis Hamlett. \u201cLe deseamos todo lo mejor en el futuro\u201d.<\/p>\n\n\n\n<p class=\"wp-block-paragraph\">New York Red Bulls II viajar\u00e1 para enfrentar a New York City FC II el domingo 11 de junio. El inicio en Belson Stadium est\u00e1 programado para las 7:00 p.m. ET.<\/p>\n\n\n\n<figure class=\"wp-block-image\"><img decoding=\"async\" src=\"https:\/\/pbs.twimg.com\/media\/FyMuRSAWIAQWk6w?format=jpg&amp;name=small\" alt=\"Imagen\"\/><\/figure>\n","protected":false},"excerpt":{"rendered":"<p>Deporte de Primera USA New York Red Bulls II ha acordado de mutuo acuerdo rescindir&#8230;<\/p>\n","protected":false},"author":1,"featured_media":105704,"comment_status":"closed","ping_status":"open","sticky":false,"template":"","format":"standard","meta":{"footnotes":""},"categories":[],"tags":[],"class_list":["post-105703","post","type-post","status-publish","format-standard","has-post-thumbnail","hentry"],"_links":{"self":[{"href":"https:\/\/www.deportedeprimera.com\/index.php\/wp-json\/wp\/v2\/posts\/105703","targetHints":{"allow":["GET"]}}],"collection":[{"href":"https:\/\/www.deportedeprimera.com\/index.php\/wp-json\/wp\/v2\/posts"}],"about":[{"href":"https:\/\/www.deportedeprimera.com\/index.php\/wp-json\/wp\/v2\/types\/post"}],"author":[{"embeddable":true,"href":"https:\/\/www.deportedeprimera.com\/index.php\/wp-json\/wp\/v2\/users\/1"}],"replies":[{"embeddable":true,"href":"https:\/\/www.deportedeprimera.com\/index.php\/wp-json\/wp\/v2\/comments?post=105703"}],"version-history":[{"count":1,"href":"https:\/\/www.deportedeprimera.com\/index.php\/wp-json\/wp\/v2\/posts\/105703\/revisions"}],"predecessor-version":[{"id":105705,"href":"https:\/\/www.deportedeprimera.com\/index.php\/wp-json\/wp\/v2\/posts\/105703\/revisions\/105705"}],"wp:featuredmedia":[{"embeddable":true,"href":"https:\/\/www.deportedeprimera.com\/index.php\/wp-json\/wp\/v2\/media\/105704"}],"wp:attachment":[{"href":"https:\/\/www.deportedeprimera.com\/index.php\/wp-json\/wp\/v2\/media?parent=105703"}],"wp:term":[{"taxonomy":"category","embeddable":true,"href":"https:\/\/www.deportedeprimera.com\/index.php\/wp-json\/wp\/v2\/categories?post=105703"},{"taxonomy":"post_tag","embeddable":true,"href":"https:\/\/www.deportedeprimera.com\/index.php\/wp-json\/wp\/v2\/tags?post=105703"}],"curies":[{"name":"wp","href":"https:\/\/api.w.org\/{rel}","templated":true}]}}