{"id":105680,"date":"2023-06-08T18:46:09","date_gmt":"2023-06-08T22:46:09","guid":{"rendered":"https:\/\/deportedeprimera.com\/?p=105680"},"modified":"2023-06-08T18:46:10","modified_gmt":"2023-06-08T22:46:10","slug":"preocupacion-el-chicharito-toca-la-pelota-se-cae-solo-y-termina-con-una-fuerte-lesion-videos","status":"publish","type":"post","link":"https:\/\/www.deportedeprimera.com\/index.php\/2023\/06\/08\/preocupacion-el-chicharito-toca-la-pelota-se-cae-solo-y-termina-con-una-fuerte-lesion-videos\/","title":{"rendered":"PREOCUPACION: el Chicharito toca la pelota, se cae solo y termina con una fuerte lesi\u00f3n (Videos)"},"content":{"rendered":"\n<p class=\"wp-block-paragraph\"><strong><kbd>Deporte de Primera USA<\/kbd><\/strong><\/p>\n\n\n\n<p class=\"wp-block-paragraph\"><strong><em>Javier Hern\u00e1ndez vivi\u00f3 un desagradable momento mientras disputaba un partido de la Lamar Hunt U.S. Open Cup, torneo en donde todos los equipos afiliados a la US Soccer se enfrentan.<\/em><\/strong><\/p>\n\n\n\n<figure class=\"wp-block-video\"><video height=\"720\" style=\"aspect-ratio: 1266 \/ 720;\" width=\"1266\" controls src=\"https:\/\/deportedeprimera.com\/wp-content\/uploads\/2023\/06\/ssstwitter.com_1686263977390.mp4\"><\/video><\/figure>\n\n\n\n<p class=\"wp-block-paragraph\">Al minuto 23 del juego entre el LA Galaxy&nbsp;y el Real Salt Lake City, el \u00abChicharito\u00bb se enfilaba a la porter\u00eda rival cuando se desplom\u00f3 en el c\u00e9sped quej\u00e1ndose amargamente y tom\u00e1ndose la rodilla derecha.<\/p>\n\n\n\n<p class=\"wp-block-paragraph\">El delantero mexicano fue sacado en camilla y hasta el momento no se sabe la gravedad de la lesi\u00f3n. Hasta la noche de este mi\u00e9rcoles se desconoce realmente qu\u00e9 fue lo que le sucedi\u00f3 al delantero, m\u00e1ximo goleador de la Selecci\u00f3n Mexicana, quien cuenta con 35 a\u00f1os de edad.<\/p>\n\n\n\n<figure class=\"wp-block-video\"><video height=\"1280\" style=\"aspect-ratio: 720 \/ 1280;\" width=\"720\" controls src=\"https:\/\/deportedeprimera.com\/wp-content\/uploads\/2023\/06\/ssstwitter.com_1686264290100.mp4\"><\/video><\/figure>\n","protected":false},"excerpt":{"rendered":"<p>Deporte de Primera USA Javier Hern\u00e1ndez vivi\u00f3 un desagradable momento mientras disputaba un partido de&#8230;<\/p>\n","protected":false},"author":1,"featured_media":105682,"comment_status":"closed","ping_status":"open","sticky":false,"template":"","format":"standard","meta":{"footnotes":""},"categories":[],"tags":[],"class_list":["post-105680","post","type-post","status-publish","format-standard","has-post-thumbnail","hentry"],"_links":{"self":[{"href":"https:\/\/www.deportedeprimera.com\/index.php\/wp-json\/wp\/v2\/posts\/105680","targetHints":{"allow":["GET"]}}],"collection":[{"href":"https:\/\/www.deportedeprimera.com\/index.php\/wp-json\/wp\/v2\/posts"}],"about":[{"href":"https:\/\/www.deportedeprimera.com\/index.php\/wp-json\/wp\/v2\/types\/post"}],"author":[{"embeddable":true,"href":"https:\/\/www.deportedeprimera.com\/index.php\/wp-json\/wp\/v2\/users\/1"}],"replies":[{"embeddable":true,"href":"https:\/\/www.deportedeprimera.com\/index.php\/wp-json\/wp\/v2\/comments?post=105680"}],"version-history":[{"count":1,"href":"https:\/\/www.deportedeprimera.com\/index.php\/wp-json\/wp\/v2\/posts\/105680\/revisions"}],"predecessor-version":[{"id":105684,"href":"https:\/\/www.deportedeprimera.com\/index.php\/wp-json\/wp\/v2\/posts\/105680\/revisions\/105684"}],"wp:featuredmedia":[{"embeddable":true,"href":"https:\/\/www.deportedeprimera.com\/index.php\/wp-json\/wp\/v2\/media\/105682"}],"wp:attachment":[{"href":"https:\/\/www.deportedeprimera.com\/index.php\/wp-json\/wp\/v2\/media?parent=105680"}],"wp:term":[{"taxonomy":"category","embeddable":true,"href":"https:\/\/www.deportedeprimera.com\/index.php\/wp-json\/wp\/v2\/categories?post=105680"},{"taxonomy":"post_tag","embeddable":true,"href":"https:\/\/www.deportedeprimera.com\/index.php\/wp-json\/wp\/v2\/tags?post=105680"}],"curies":[{"name":"wp","href":"https:\/\/api.w.org\/{rel}","templated":true}]}}