{"id":105671,"date":"2023-06-07T19:19:49","date_gmt":"2023-06-07T23:19:49","guid":{"rendered":"https:\/\/deportedeprimera.com\/?p=105671"},"modified":"2023-06-07T19:19:50","modified_gmt":"2023-06-07T23:19:50","slug":"este-ano-el-futuro-del-ecuatoriano-leonardo-campana-pinta-para-emigrar-al-viejo-continente","status":"publish","type":"post","link":"https:\/\/www.deportedeprimera.com\/index.php\/2023\/06\/07\/este-ano-el-futuro-del-ecuatoriano-leonardo-campana-pinta-para-emigrar-al-viejo-continente\/","title":{"rendered":"Este a\u00f1o el futuro del ecuatoriano Leonardo Campana pinta para emigrar al Viejo Continente"},"content":{"rendered":"\n<p class=\"wp-block-paragraph\"><strong><kbd>Deporte de Primera USA<\/kbd><\/strong> <strong><kbd>Por Cristian Escobar<\/kbd><\/strong><\/p>\n\n\n\n<p class=\"wp-block-paragraph\"><em><strong>Leonardo Campana es una de las promesas del f\u00fatbol ecuatoriano\u00a0y como delantero, uno de los nombres que podr\u00edan hacer su propia historia con la camiseta deLa Tri.\u00a0Campana, con la edad de 18 a\u00f1os, fue campe\u00f3n sudamericano con la Mini Tri<a rel=\"noreferrer noopener\" href=\"https:\/\/www.metroecuador.com.ec\/tags\/seleccion-de-ecuador\/\" target=\"_blank\">\u00a0<\/a>y ahora es uno de los goleadores del Inter de Miami, posiblemente el equipo de Lionel Messi.<\/strong><\/em><\/p>\n\n\n\n<p class=\"wp-block-paragraph\"><strong>El 2022 fue un mal a\u00f1o para Leonardo Campana por varias razones.\u00a0<\/strong>El delantero tuvo una lesi\u00f3n muscular que signific\u00f3 algunas semanas por fuera de los terrenos de juego debido a una\u00a0<strong>fuerte contractura muscular en la zona del m\u00fasculo isquiotibial izquierdo<\/strong>, priv\u00e1ndole jugar los play-offs de la\u00a0<strong>MLS.\u00a0<\/strong>Adem\u00e1s, no fue parte de la convocatoria de\u00a0<strong>Gustavo Alfaro\u00a0<\/strong>para el\u00a0<strong>Mundial de Qatar 2022<\/strong>\u00a0pese a que form\u00f3 parte de todo el proceso, sin duda dos noticias negativas para el atacante.<\/p>\n\n\n\n<p class=\"wp-block-paragraph\"><strong>La suerte le cambi\u00f3 para este 2023<\/strong><\/p>\n\n\n\n<p class=\"wp-block-paragraph\"><strong>Leonardo Campana&nbsp;<\/strong>lleva 10 partidos con la camiseta del Inter de Miami y ha marcado 3 goles. El ecuatoriano va volviendo al gol poco a poco despu\u00e9s de su lesi\u00f3n y eso le ha ayudado a retomar en confianza. Adem\u00e1s, el nuevo entrenador de la&nbsp;<strong>Tricolor<\/strong>,&nbsp;<strong>F\u00e9lix S\u00e1nchez Bas<\/strong>,&nbsp;<strong>lo ha considerado para los amistosos de Ecuador para enfrentar a Bolivia y Costa Rica<\/strong>&nbsp;en Estados Unidos. Esto ser\u00e1 una revancha para el atacante con respecto a<strong>&nbsp;La Tri.<\/strong><\/p>\n\n\n\n<p class=\"wp-block-paragraph\">Adem\u00e1s, seg\u00fan Fabrizio Romano,\u00a0<strong>Leonardo Campana<\/strong>\u00a0tendr\u00e1 el mejor socio pensado para la nueva temporada. Y es que el periodista dio a conocer que el campe\u00f3n del mundo con\u00a0<strong>Argentina, Lionel Messi<\/strong>, jugar\u00e1 en el inter de Miami para la pr\u00f3xima temporada y ser\u00e1 compa\u00f1ero de los ecuatorianos<strong>\u00a0Leonardo Campana y Dixon Arroyo.<\/strong><\/p>\n\n\n\n<p class=\"wp-block-paragraph\"><strong>Posibilidad de volver a Europa<\/strong><\/p>\n\n\n\n<p class=\"wp-block-paragraph\"><strong>Leonardo Campana<\/strong>\u00a0ya tiene experiencia en el viejo continente, donde visti\u00f3 la camiseta del\u00a0<strong>Wolves de Inglaterra, Famalic\u00e3o de Portugal y Grasshopper Club de Suiza.\u00a0<\/strong>Sin duda alguna que sus primeras experiencias en territorio europeo no fueron las mejores; sin embargo,\u00a0<strong>Campana tiene tan solo 22 a\u00f1os<\/strong>\u00a0y desde que lleg\u00f3 al\u00a0<strong>Inter de Miami<\/strong>\u00a0ha adquirido experiencia y no se diga si juega a lado de uno de los mejores como\u00a0<strong>Lio Messi.\u00a0<\/strong>Su regreso a Europa, es cuesti\u00f3n de tiempo.<\/p>\n\n\n\n<figure class=\"wp-block-image\"><img decoding=\"async\" src=\"https:\/\/pbs.twimg.com\/media\/FyCtp-3X0AATV0S?format=jpg&amp;name=medium\" alt=\"Imagen\"\/><\/figure>\n","protected":false},"excerpt":{"rendered":"<p>Deporte de Primera USA Por Cristian Escobar Leonardo Campana es una de las promesas del&#8230;<\/p>\n","protected":false},"author":1,"featured_media":105672,"comment_status":"closed","ping_status":"open","sticky":false,"template":"","format":"standard","meta":{"footnotes":""},"categories":[],"tags":[],"class_list":["post-105671","post","type-post","status-publish","format-standard","has-post-thumbnail","hentry"],"_links":{"self":[{"href":"https:\/\/www.deportedeprimera.com\/index.php\/wp-json\/wp\/v2\/posts\/105671","targetHints":{"allow":["GET"]}}],"collection":[{"href":"https:\/\/www.deportedeprimera.com\/index.php\/wp-json\/wp\/v2\/posts"}],"about":[{"href":"https:\/\/www.deportedeprimera.com\/index.php\/wp-json\/wp\/v2\/types\/post"}],"author":[{"embeddable":true,"href":"https:\/\/www.deportedeprimera.com\/index.php\/wp-json\/wp\/v2\/users\/1"}],"replies":[{"embeddable":true,"href":"https:\/\/www.deportedeprimera.com\/index.php\/wp-json\/wp\/v2\/comments?post=105671"}],"version-history":[{"count":1,"href":"https:\/\/www.deportedeprimera.com\/index.php\/wp-json\/wp\/v2\/posts\/105671\/revisions"}],"predecessor-version":[{"id":105673,"href":"https:\/\/www.deportedeprimera.com\/index.php\/wp-json\/wp\/v2\/posts\/105671\/revisions\/105673"}],"wp:featuredmedia":[{"embeddable":true,"href":"https:\/\/www.deportedeprimera.com\/index.php\/wp-json\/wp\/v2\/media\/105672"}],"wp:attachment":[{"href":"https:\/\/www.deportedeprimera.com\/index.php\/wp-json\/wp\/v2\/media?parent=105671"}],"wp:term":[{"taxonomy":"category","embeddable":true,"href":"https:\/\/www.deportedeprimera.com\/index.php\/wp-json\/wp\/v2\/categories?post=105671"},{"taxonomy":"post_tag","embeddable":true,"href":"https:\/\/www.deportedeprimera.com\/index.php\/wp-json\/wp\/v2\/tags?post=105671"}],"curies":[{"name":"wp","href":"https:\/\/api.w.org\/{rel}","templated":true}]}}