{"id":105652,"date":"2023-06-05T17:56:43","date_gmt":"2023-06-05T21:56:43","guid":{"rendered":"https:\/\/deportedeprimera.com\/?p=105652"},"modified":"2023-06-05T17:56:44","modified_gmt":"2023-06-05T21:56:44","slug":"juan-david-mosquera-se-vuelve-a-poner-la-camiseta-colombiana","status":"publish","type":"post","link":"https:\/\/www.deportedeprimera.com\/index.php\/2023\/06\/05\/juan-david-mosquera-se-vuelve-a-poner-la-camiseta-colombiana\/","title":{"rendered":"Juan David Mosquera se vuelve a poner la camiseta colombiana"},"content":{"rendered":"\n<p class=\"wp-block-paragraph\"><strong><kbd>Deporte de Primera USA<\/kbd><\/strong><\/p>\n\n\n\n<p class=\"wp-block-paragraph\"><strong><em>El defensa de los Timbers, Juan David Mosquera, ha sido convocado a la Selecci\u00f3n Nacional Masculina de Colombia para el per\u00edodo internacional de la FIFA en junio, anunci\u00f3 hoy la Federaci\u00f3n Colombiana de F\u00fatbol.<\/em><\/strong><\/p>\n\n\n\n<figure class=\"wp-block-image\"><img decoding=\"async\" src=\"https:\/\/pbs.twimg.com\/media\/Fx4jaZ8WcAA4CJZ?format=jpg&amp;name=small\" alt=\"Imagen\"\/><\/figure>\n\n\n\n<p class=\"wp-block-paragraph\">Mosquera y Colombia jugar\u00e1n un par de partidos amistosos contra Irak (16 de junio) y Alemania (20 de junio). El nativo de Cali, Colombia, se unir\u00e1 al equipo senior despu\u00e9s del partido en casa de los Timbers contra el FC Dallas el 11 de junio.<\/p>\n\n\n\n<p class=\"wp-block-paragraph\">Mosquera, de 20 a\u00f1os, hizo su debut con la selecci\u00f3n absoluta de Colombia el 28 de enero de 2023, comenzando el partido contra la Selecci\u00f3n Nacional Masculina de Estados Unidos y registrando una actuaci\u00f3n completa de 90 minutos. El defensor colombiano se unir\u00e1 a la selecci\u00f3n absoluta por tercera vez en su carrera despu\u00e9s de hacer una lista posterior en marzo (2023). Esta temporada con los Timbers, Mosquera ha registrado dos goles y tres asistencias, sumando siete puntos en 14 apariciones (14 como titular).<\/p>\n\n\n\n<figure class=\"wp-block-image\"><img decoding=\"async\" src=\"https:\/\/pbs.twimg.com\/media\/Fx3s4MMXgAIfPOk?format=jpg&amp;name=large\" alt=\"Imagen\"\/><\/figure>\n","protected":false},"excerpt":{"rendered":"<p>Deporte de Primera USA El defensa de los Timbers, Juan David Mosquera, ha sido convocado&#8230;<\/p>\n","protected":false},"author":1,"featured_media":105653,"comment_status":"closed","ping_status":"open","sticky":false,"template":"","format":"standard","meta":{"footnotes":""},"categories":[],"tags":[],"class_list":["post-105652","post","type-post","status-publish","format-standard","has-post-thumbnail","hentry"],"_links":{"self":[{"href":"https:\/\/www.deportedeprimera.com\/index.php\/wp-json\/wp\/v2\/posts\/105652","targetHints":{"allow":["GET"]}}],"collection":[{"href":"https:\/\/www.deportedeprimera.com\/index.php\/wp-json\/wp\/v2\/posts"}],"about":[{"href":"https:\/\/www.deportedeprimera.com\/index.php\/wp-json\/wp\/v2\/types\/post"}],"author":[{"embeddable":true,"href":"https:\/\/www.deportedeprimera.com\/index.php\/wp-json\/wp\/v2\/users\/1"}],"replies":[{"embeddable":true,"href":"https:\/\/www.deportedeprimera.com\/index.php\/wp-json\/wp\/v2\/comments?post=105652"}],"version-history":[{"count":1,"href":"https:\/\/www.deportedeprimera.com\/index.php\/wp-json\/wp\/v2\/posts\/105652\/revisions"}],"predecessor-version":[{"id":105654,"href":"https:\/\/www.deportedeprimera.com\/index.php\/wp-json\/wp\/v2\/posts\/105652\/revisions\/105654"}],"wp:featuredmedia":[{"embeddable":true,"href":"https:\/\/www.deportedeprimera.com\/index.php\/wp-json\/wp\/v2\/media\/105653"}],"wp:attachment":[{"href":"https:\/\/www.deportedeprimera.com\/index.php\/wp-json\/wp\/v2\/media?parent=105652"}],"wp:term":[{"taxonomy":"category","embeddable":true,"href":"https:\/\/www.deportedeprimera.com\/index.php\/wp-json\/wp\/v2\/categories?post=105652"},{"taxonomy":"post_tag","embeddable":true,"href":"https:\/\/www.deportedeprimera.com\/index.php\/wp-json\/wp\/v2\/tags?post=105652"}],"curies":[{"name":"wp","href":"https:\/\/api.w.org\/{rel}","templated":true}]}}