{"id":105611,"date":"2023-06-03T15:46:05","date_gmt":"2023-06-03T19:46:05","guid":{"rendered":"https:\/\/deportedeprimera.com\/?p=105611"},"modified":"2023-06-03T15:46:06","modified_gmt":"2023-06-03T19:46:06","slug":"triste-adios-de-messi-se-va-pifiado-por-los-hinchas-del-psg","status":"publish","type":"post","link":"https:\/\/www.deportedeprimera.com\/index.php\/2023\/06\/03\/triste-adios-de-messi-se-va-pifiado-por-los-hinchas-del-psg\/","title":{"rendered":"Triste adi\u00f3s de Messi: se va pifiado por los hinchas del PSG"},"content":{"rendered":"\n<p class=\"wp-block-paragraph\"><strong><kbd>Deporte de Primera USA<\/kbd><\/strong> <strong><kbd>Con informaci\u00f3n de EFE Deportes<\/kbd><\/strong><\/p>\n\n\n\n<p class=\"wp-block-paragraph\"><strong><em>El p\u00fablico del Parque de los Pr\u00edncipes recibi\u00f3, una vez m\u00e1s, con pitidos y abucheos al argentino Leo Messi que este s\u00e1bado disputar\u00e1 su \u00faltimo encuentro con el PSG , ante el Clermont, de la trig\u00e9sima octava jornada de la Ligue 1.<\/em><\/strong><\/p>\n\n\n\n<p class=\"wp-block-paragraph\">Horas atr\u00e1s, la entidad parisina hizo oficial el adi\u00f3s del futbolista rosarino al f\u00fatbol franc\u00e9s, al que lleg\u00f3 en agosto del 2021 y donde ha jugado en las dos \u00faltimas campa\u00f1as.<\/p>\n\n\n\n<p class=\"wp-block-paragraph\">Sin embargo, ha sido habitual que en las \u00faltimas jornadas que el Par\u00eds Saint Germain ha ejercido de local, el p\u00fablico ha silbado a Messi que ya dej\u00f3 entrever tiempo atr\u00e1s que no renovar\u00eda por el conjunto de Christophe Galtier.<\/p>\n\n\n\n<p class=\"wp-block-paragraph\">Messi fue silbado cuando se anunci\u00f3 su nombre por megafon\u00eda y despu\u00e9s, al saltar al terreno de juego.<\/p>\n\n\n\n<p class=\"wp-block-paragraph\">(c) Agencia EFE<\/p>\n\n\n\n<figure class=\"wp-block-image\"><img decoding=\"async\" src=\"https:\/\/pbs.twimg.com\/media\/Fxo0voyX0B8qXuZ?format=jpg&amp;name=small\" alt=\"Imagen\"\/><\/figure>\n","protected":false},"excerpt":{"rendered":"<p>Deporte de Primera USA Con informaci\u00f3n de EFE Deportes El p\u00fablico del Parque de los&#8230;<\/p>\n","protected":false},"author":1,"featured_media":105612,"comment_status":"closed","ping_status":"open","sticky":false,"template":"","format":"standard","meta":{"footnotes":""},"categories":[],"tags":[],"class_list":["post-105611","post","type-post","status-publish","format-standard","has-post-thumbnail","hentry"],"_links":{"self":[{"href":"https:\/\/www.deportedeprimera.com\/index.php\/wp-json\/wp\/v2\/posts\/105611","targetHints":{"allow":["GET"]}}],"collection":[{"href":"https:\/\/www.deportedeprimera.com\/index.php\/wp-json\/wp\/v2\/posts"}],"about":[{"href":"https:\/\/www.deportedeprimera.com\/index.php\/wp-json\/wp\/v2\/types\/post"}],"author":[{"embeddable":true,"href":"https:\/\/www.deportedeprimera.com\/index.php\/wp-json\/wp\/v2\/users\/1"}],"replies":[{"embeddable":true,"href":"https:\/\/www.deportedeprimera.com\/index.php\/wp-json\/wp\/v2\/comments?post=105611"}],"version-history":[{"count":1,"href":"https:\/\/www.deportedeprimera.com\/index.php\/wp-json\/wp\/v2\/posts\/105611\/revisions"}],"predecessor-version":[{"id":105613,"href":"https:\/\/www.deportedeprimera.com\/index.php\/wp-json\/wp\/v2\/posts\/105611\/revisions\/105613"}],"wp:featuredmedia":[{"embeddable":true,"href":"https:\/\/www.deportedeprimera.com\/index.php\/wp-json\/wp\/v2\/media\/105612"}],"wp:attachment":[{"href":"https:\/\/www.deportedeprimera.com\/index.php\/wp-json\/wp\/v2\/media?parent=105611"}],"wp:term":[{"taxonomy":"category","embeddable":true,"href":"https:\/\/www.deportedeprimera.com\/index.php\/wp-json\/wp\/v2\/categories?post=105611"},{"taxonomy":"post_tag","embeddable":true,"href":"https:\/\/www.deportedeprimera.com\/index.php\/wp-json\/wp\/v2\/tags?post=105611"}],"curies":[{"name":"wp","href":"https:\/\/api.w.org\/{rel}","templated":true}]}}