{"id":105605,"date":"2023-06-03T15:38:02","date_gmt":"2023-06-03T19:38:02","guid":{"rendered":"https:\/\/deportedeprimera.com\/?p=105605"},"modified":"2023-06-03T15:38:24","modified_gmt":"2023-06-03T19:38:24","slug":"remontada-epica-de-barcelona-femenil-para-reinar-de-nuevo-en-europa","status":"publish","type":"post","link":"https:\/\/www.deportedeprimera.com\/index.php\/2023\/06\/03\/remontada-epica-de-barcelona-femenil-para-reinar-de-nuevo-en-europa\/","title":{"rendered":"Remontada \u00e9pica de Barcelona femenil para reinar de nuevo en Europa"},"content":{"rendered":"\n<p class=\"wp-block-paragraph\"><strong><kbd>Deporte de Primera USA<\/kbd><\/strong><\/p>\n\n\n\n<p class=\"wp-block-paragraph\"><strong><em>El Barcelona recuper\u00f3 el cetro europeo que perdi\u00f3 el a\u00f1o pasado en Tur\u00edn al derrotar en la final de la Liga de Campeones al Wolfsburgo (3-2), con un remontada \u00e9pica tras el 0-2 con el que acab\u00f3 el descanso. Y lo logr\u00f3 adem\u00e1s sin su gran estrella, la centrocampista Alexia Putellas, cuya presencia en el c\u00e9sped del Philips Stadion fue testimonial.<\/em><\/strong><\/p>\n\n\n\n<figure class=\"wp-block-image\"><img decoding=\"async\" src=\"https:\/\/pbs.twimg.com\/media\/FxtbYldXsAQ_HPJ?format=jpg&amp;name=small\" alt=\"Imagen\"\/><\/figure>\n\n\n\n<figure class=\"wp-block-image size-full\"><img loading=\"lazy\" decoding=\"async\" width=\"421\" height=\"454\" src=\"https:\/\/deportedeprimera.com\/wp-content\/uploads\/2023\/06\/dbvkawpj.png\" alt=\"\" class=\"wp-image-105607\" srcset=\"https:\/\/www.deportedeprimera.com\/wp-content\/uploads\/2023\/06\/dbvkawpj.png 421w, https:\/\/www.deportedeprimera.com\/wp-content\/uploads\/2023\/06\/dbvkawpj-278x300.png 278w\" sizes=\"auto, (max-width: 421px) 100vw, 421px\" \/><\/figure>\n\n\n\n<figure class=\"wp-block-image size-large\"><img loading=\"lazy\" decoding=\"async\" width=\"916\" height=\"1024\" src=\"https:\/\/deportedeprimera.com\/wp-content\/uploads\/2023\/06\/e4tzj0kx-916x1024.png\" alt=\"\" class=\"wp-image-105608\" srcset=\"https:\/\/www.deportedeprimera.com\/wp-content\/uploads\/2023\/06\/e4tzj0kx-916x1024.png 916w, https:\/\/www.deportedeprimera.com\/wp-content\/uploads\/2023\/06\/e4tzj0kx-268x300.png 268w, https:\/\/www.deportedeprimera.com\/wp-content\/uploads\/2023\/06\/e4tzj0kx-768x859.png 768w, https:\/\/www.deportedeprimera.com\/wp-content\/uploads\/2023\/06\/e4tzj0kx-1024x1145.png 1024w, https:\/\/www.deportedeprimera.com\/wp-content\/uploads\/2023\/06\/e4tzj0kx.png 1199w\" sizes=\"auto, (max-width: 916px) 100vw, 916px\" \/><\/figure>\n","protected":false},"excerpt":{"rendered":"<p>Deporte de Primera USA El Barcelona recuper\u00f3 el cetro europeo que perdi\u00f3 el a\u00f1o pasado&#8230;<\/p>\n","protected":false},"author":1,"featured_media":105606,"comment_status":"closed","ping_status":"open","sticky":false,"template":"","format":"standard","meta":{"footnotes":""},"categories":[],"tags":[],"class_list":["post-105605","post","type-post","status-publish","format-standard","has-post-thumbnail","hentry"],"_links":{"self":[{"href":"https:\/\/www.deportedeprimera.com\/index.php\/wp-json\/wp\/v2\/posts\/105605","targetHints":{"allow":["GET"]}}],"collection":[{"href":"https:\/\/www.deportedeprimera.com\/index.php\/wp-json\/wp\/v2\/posts"}],"about":[{"href":"https:\/\/www.deportedeprimera.com\/index.php\/wp-json\/wp\/v2\/types\/post"}],"author":[{"embeddable":true,"href":"https:\/\/www.deportedeprimera.com\/index.php\/wp-json\/wp\/v2\/users\/1"}],"replies":[{"embeddable":true,"href":"https:\/\/www.deportedeprimera.com\/index.php\/wp-json\/wp\/v2\/comments?post=105605"}],"version-history":[{"count":2,"href":"https:\/\/www.deportedeprimera.com\/index.php\/wp-json\/wp\/v2\/posts\/105605\/revisions"}],"predecessor-version":[{"id":105610,"href":"https:\/\/www.deportedeprimera.com\/index.php\/wp-json\/wp\/v2\/posts\/105605\/revisions\/105610"}],"wp:featuredmedia":[{"embeddable":true,"href":"https:\/\/www.deportedeprimera.com\/index.php\/wp-json\/wp\/v2\/media\/105606"}],"wp:attachment":[{"href":"https:\/\/www.deportedeprimera.com\/index.php\/wp-json\/wp\/v2\/media?parent=105605"}],"wp:term":[{"taxonomy":"category","embeddable":true,"href":"https:\/\/www.deportedeprimera.com\/index.php\/wp-json\/wp\/v2\/categories?post=105605"},{"taxonomy":"post_tag","embeddable":true,"href":"https:\/\/www.deportedeprimera.com\/index.php\/wp-json\/wp\/v2\/tags?post=105605"}],"curies":[{"name":"wp","href":"https:\/\/api.w.org\/{rel}","templated":true}]}}